{"id":10054,"date":"2022-03-16T11:38:54","date_gmt":"2022-03-16T10:38:54","guid":{"rendered":"https:\/\/www.aromatico.de\/coffeeworld\/?p=10054"},"modified":"2022-11-28T09:26:26","modified_gmt":"2022-11-28T08:26:26","slug":"erdbeer-latte-rezept","status":"publish","type":"post","link":"https:\/\/www.aromatico.de\/coffeeworld\/food-corner\/erdbeer-latte-rezept\/","title":{"rendered":"Erdbeer-Latte Rezept"},"content":{"rendered":"<div class=\"wpb-content-wrapper\"><p>[vc_row][vc_column][vc_column_text]Der Fr\u00fchling steht vor der T\u00fcr &#8211; Die Tage werden l\u00e4nger und die Temperaturen steigen. Gerade zu dieser Jahreszeit bekommen viele Leute Lust auf frisches Obst und erfrischende Getr\u00e4nke. Warum also nicht beides miteinander kombinieren \u2013 Hierzu empfehlen wir Ihnen, den <strong>Erdbeer-Latte<\/strong> zu probieren. In wenigen Schritten l\u00e4sst sich der klassische <a href=\"\/espresso\/?p=1\" target=\"_blank\" rel=\"noopener\">Espresso<\/a> ohne viel Aufwand zu einem leckeren Fr\u00fchlingsgetr\u00e4nk vers\u00fc\u00dfen.[\/vc_column_text][vc_custom_heading text=&#8220;Espresso trifft auf frische Erdbeeren&#8220; use_theme_fonts=&#8220;yes&#8220;][vc_column_text]Das angesagte Trendgetr\u00e4nk ist spannender und leckerer als ein herk\u00f6mmlicher Espresso und versorgt den K\u00f6rper zugleich mit einigen Vitaminen. Erdbeeren sind unter anderem ein guter <a href=\"https:\/\/www.apotheken-umschau.de\/gesund-bleiben\/ernaehrung\/erdbeere-vitamine-und-mineralstoffe-712677.html\" target=\"_blank\" rel=\"noopener\">Vitamin-C Lieferant<\/a>, welches insbesondere das Immunsystem st\u00e4rkt. Schon rund 200 Gramm Erdbeeren k\u00f6nnen den Tagesbedarf decken. Der K\u00f6rper braucht das Vitamin also zur St\u00e4rkung seiner Abwehrkr\u00e4fte. Somit ist der Erdbeer-Kaffee genau das richtige f\u00fcr die kommende Jahreszeit, in der man sich oft zu d\u00fcnn anzieht und dadurch schnell erk\u00e4ltet, weil der Schein der Sonne tr\u00fcgt und wir die Temperaturen an vielen Tagen \u00fcbersch\u00e4tzen. Zudem haben die roten Fr\u00fcchte kaum Kalorien, wodurch Sie den fruchtigen Snack unbeschwert genie\u00dfen k\u00f6nnen. Aber \u00fcberzeugen Sie sich lieber selbst und <strong>probieren Sie mit unserem Rezept ihren eigenen Erdbeerkaffee<\/strong>.[\/vc_column_text]\n\t\t\t<!-- START Espresso Topseller REVOLUTION SLIDER 6.6.18 --><p class=\"rs-p-wp-fix\"><\/p>\n\t\t\t<rs-module-wrap id=\"rev_slider_21_1_wrapper\" data-source=\"gallery\" style=\"visibility:hidden;background:transparent;padding:0;margin:0px auto;margin-top:10px;margin-bottom:20px;\">\n\t\t\t\t<rs-module id=\"rev_slider_21_1\" style=\"\" data-version=\"6.6.18\">\n\t\t\t\t\t<rs-slides style=\"overflow: hidden; position: absolute;\">\n\t\t\t\t\t\t<rs-slide style=\"position: absolute;\" data-key=\"rs-21\" data-title=\"Slide\" data-anim=\"adpr:false;\" data-in=\"o:0;\" data-out=\"a:false;\">\n\t\t\t\t\t\t\t<img decoding=\"async\" src=\"\/\/www.aromatico.de\/coffeeworld\/wp-content\/plugins\/revslider\/public\/assets\/assets\/dummy.png\" alt=\"Slide\" title=\"Erdbeer-Latte Rezept\" class=\"rev-slidebg tp-rs-img rs-lazyload\" data-lazyload=\"\/\/www.aromatico.de\/coffeeworld\/wp-content\/plugins\/revslider\/public\/assets\/assets\/transparent.png\" data-no-retina>\n<!--\n\t\t\t\t\t\t\t--><rs-layer\n\t\t\t\t\t\t\t\tid=\"slider-21-slide-21-layer-0\" \n\t\t\t\t\t\t\t\tdata-type=\"image\"\n\t\t\t\t\t\t\t\tdata-rsp_ch=\"on\"\n\t\t\t\t\t\t\t\tdata-xy=\"x:l,c,c,c;y:m;\"\n\t\t\t\t\t\t\t\tdata-text=\"w:normal;s:20,20,16,9;l:0,0,21,12;\"\n\t\t\t\t\t\t\t\tdata-dim=\"w:920px,924px,780px,915px;h:271px,273px,230px,270px;\"\n\t\t\t\t\t\t\t\tdata-frame_999=\"o:0;st:w;\"\n\t\t\t\t\t\t\t\tstyle=\"z-index:8;\"\n\t\t\t\t\t\t\t><img decoding=\"async\" src=\"\/\/www.aromatico.de\/coffeeworld\/wp-content\/plugins\/revslider\/public\/assets\/assets\/dummy.png\" alt=\"Espresso Topseller\" class=\"tp-rs-img rs-lazyload\" width=\"825\" height=\"243\" data-lazyload=\"\/\/www.aromatico.de\/coffeeworld\/wp-content\/uploads\/2022\/01\/Top-Espressi-Stoerer.jpg\" data-no-retina> \n\t\t\t\t\t\t\t<\/rs-layer><!--\n\n\t\t\t\t\t\t\t--><rs-layer\n\t\t\t\t\t\t\t\tid=\"slider-21-slide-21-layer-1\" \n\t\t\t\t\t\t\t\tdata-type=\"shape\"\n\t\t\t\t\t\t\t\tdata-rsp_ch=\"on\"\n\t\t\t\t\t\t\t\tdata-xy=\"xo:0,0,0,-2px;y:m;yo:0,-2px,0,-1px;\"\n\t\t\t\t\t\t\t\tdata-text=\"w:normal;s:20,20,16,9;l:0,0,21,12;\"\n\t\t\t\t\t\t\t\tdata-dim=\"w:389px,392px,331px,484px;h:271px,304px,231px,344px;\"\n\t\t\t\t\t\t\t\tdata-frame_999=\"o:0;st:w;\"\n\t\t\t\t\t\t\t\tstyle=\"z-index:9;background-color:rgba(0,0,0,0.5);\"\n\t\t\t\t\t\t\t> \n\t\t\t\t\t\t\t<\/rs-layer><!--\n\n\t\t\t\t\t\t\t--><rs-layer\n\t\t\t\t\t\t\t\tid=\"slider-21-slide-21-layer-4\" \n\t\t\t\t\t\t\t\tdata-type=\"image\"\n\t\t\t\t\t\t\t\tdata-rsp_ch=\"on\"\n\t\t\t\t\t\t\t\tdata-xy=\"xo:59px;yo:61px;\"\n\t\t\t\t\t\t\t\tdata-text=\"w:normal;s:20,20,16,9;l:0,0,21,12;\"\n\t\t\t\t\t\t\t\tdata-dim=\"w:['92px','92px','92px','92px'];h:['26px','26px','26px','26px'];\"\n\t\t\t\t\t\t\t\tdata-frame_999=\"o:0;st:w;\"\n\t\t\t\t\t\t\t\tstyle=\"z-index:10;\"\n\t\t\t\t\t\t\t><img decoding=\"async\" src=\"\/\/www.aromatico.de\/coffeeworld\/wp-content\/plugins\/revslider\/public\/assets\/assets\/dummy.png\" alt=\"\" class=\"tp-rs-img rs-lazyload\" width=\"88\" height=\"25\" data-lazyload=\"\/\/www.aromatico.de\/coffeeworld\/wp-content\/uploads\/revslider\/slider-2\/Pfad-81.png\" data-no-retina> \n\t\t\t\t\t\t\t<\/rs-layer><!--\n\n\t\t\t\t\t\t\t--><rs-layer\n\t\t\t\t\t\t\t\tid=\"slider-21-slide-21-layer-5\" \n\t\t\t\t\t\t\t\tdata-type=\"text\"\n\t\t\t\t\t\t\t\tdata-rsp_ch=\"on\"\n\t\t\t\t\t\t\t\tdata-xy=\"xo:60px;yo:121px;\"\n\t\t\t\t\t\t\t\tdata-text=\"w:normal;s:18,18,18,18;l:23,23,20,23;fw:600,400,400,400;\"\n\t\t\t\t\t\t\t\tdata-dim=\"w:244,244px,244px,244px;\"\n\t\t\t\t\t\t\t\tdata-frame_999=\"o:0;st:w;\"\n\t\t\t\t\t\t\t\tstyle=\"z-index:11;font-family:'Arial', 'Helvetica', 'sans-serif';\"\n\t\t\t\t\t\t\t>ERSTKLASSIGE ESPRESSI ENTDECKEN  \n\t\t\t\t\t\t\t<\/rs-layer><!--\n\n\t\t\t\t\t\t\t--><a\n\t\t\t\t\t\t\t\tid=\"slider-21-slide-21-layer-9\" \n\t\t\t\t\t\t\t\tclass=\"rs-layer rev-btn\"\n\t\t\t\t\t\t\t\thref=\"https:\/\/www.aromatico.de\/espresso\/\" target=\"_blank\" rel=\"noopener\"\n\t\t\t\t\t\t\t\tdata-type=\"button\"\n\t\t\t\t\t\t\t\tdata-xy=\"xo:60px;yo:200px,210px,185px,210px;\"\n\t\t\t\t\t\t\t\tdata-text=\"w:normal;s:13,12,12,13;l:32,32,25,32;fw:700,500,500,500;a:center;\"\n\t\t\t\t\t\t\t\tdata-dim=\"w:222,222,183,222px;minh:0,none,none,none;\"\n\t\t\t\t\t\t\t\tdata-padding=\"r:28,28,22,14;l:28,28,22,14;\"\n\t\t\t\t\t\t\t\tdata-border=\"bor:5px,5px,5px,5px;\"\n\t\t\t\t\t\t\t\tdata-frame_999=\"o:0;st:w;\"\n\t\t\t\t\t\t\t\tdata-frame_hover=\"bgc:#bf1718;bor:5px,5px,5px,5px;sp:100;e:power1.inOut;bri:120%;blu:0px;\"\n\t\t\t\t\t\t\t\tstyle=\"z-index:12;background-color:#bf1718;font-family:'Arial', 'Helvetica', 'sans-serif';\"\n\t\t\t\t\t\t\t>PRODUKTE ENTECKEN \n\t\t\t\t\t\t\t<\/a><!--\n-->\t\t\t\t\t\t<\/rs-slide>\n\t\t\t\t\t<\/rs-slides>\n\t\t\t\t<\/rs-module>\n\t\t\t\t<script>\n\t\t\t\t\tsetREVStartSize({c: 'rev_slider_21_1',rl:[1240,1024,778,480],el:[271,271,230,271],gw:[920,920,778,480],gh:[271,271,230,271],type:'standard',justify:'',layout:'fullwidth',mh:\"0\"});if (window.RS_MODULES!==undefined && window.RS_MODULES.modules!==undefined && window.RS_MODULES.modules[\"revslider211\"]!==undefined) {window.RS_MODULES.modules[\"revslider211\"].once = false;window.revapi21 = undefined;if (window.RS_MODULES.checkMinimal!==undefined) window.RS_MODULES.checkMinimal()}\n\t\t\t\t<\/script>\n\t\t\t<\/rs-module-wrap>\n\t\t\t<!-- END REVOLUTION SLIDER -->\n[vc_custom_heading text=&#8220;Erdbeer-Kaffee: Einfach und schnell zubereitet&#8220; use_theme_fonts=&#8220;yes&#8220;][vc_column_text]F\u00fcr das <strong>fr\u00fchlingshafte Hei\u00dfgetr\u00e4nk<\/strong> ben\u00f6tigen Sie ausschlie\u00dflich einen frisch gebr\u00fchten Espresso, Milch, frische Erdbeeren, Erdbeermarmelade und wer es gerne besonders s\u00fc\u00df mag, Erdbeersirup. Somit bietet die Zubereitung des Erdbeer-Latte-Macchiato eine gute Gelegenheit, sich mit seinen Freunden oder seiner Familie zu verabreden und gemeinsam im Nachbardorf Erdbeeren selbst zu pfl\u00fccken. Und auch die Marmelade und der Sirup lassen sich bei Bedarf selber herstellen. Garantiert ein Spa\u00df f\u00fcr Gro\u00df und Klein.<\/p>\n<p>Denjenigen, die es gerne s\u00fc\u00df m\u00f6gen und denen die Kombination von Schokolade und Erdbeeren gef\u00e4llt, empfehlen wir f\u00fcr den Erdbeerlatte einen <a href=\"\/Kimbo\/Aroma-Intenso\/101697\/\" target=\"_blank\" rel=\"noopener\">Espresso mit einer Schokoladennote<\/a> oder als Topping einen <a href=\"\/Fonte\/Chocolate-Syrup\/104776\/\" target=\"_blank\" rel=\"noopener\">Schokoladen-Sirup<\/a> zu w\u00e4hlen. Falls Sie lieber auf pflanzliche Alternativen zur Milch setzen, empfehlen wir Ihnen die Verwendung einer <a href=\"\/Oatly\/Haferdrink-Barista-Edition\/103767\/\" target=\"_blank\" rel=\"noopener\">Milchalternative<\/a>. Damit steht einem perfekten Milchschaum f\u00fcr den Strawberry-Latte nichts mehr im Wege.[\/vc_column_text][\/vc_column][\/vc_row][vc_row][vc_column][vc_column_text]<\/p>\n<div id=\"recipe\"><\/div><div id=\"wprm-recipe-container-10061\" class=\"wprm-recipe-container\" data-recipe-id=\"10061\" data-servings=\"1\"><div class=\"wprm-recipe wprm-recipe-template-aromatico\"><div class=\"wprm-recipe-image wprm-block-image-normal\"><img loading=\"lazy\" decoding=\"async\" style=\"border-width: 0px;border-style: solid;border-color: #666666;\" width=\"952\" height=\"233\" src=\"https:\/\/www.aromatico.de\/coffeeworld\/wp-content\/uploads\/2022\/03\/MicrosoftTeams-image-1.jpg\" class=\"attachment-large size-large\" alt=\"Erdbeer-Latte\" srcset=\"https:\/\/www.aromatico.de\/coffeeworld\/wp-content\/uploads\/2022\/03\/MicrosoftTeams-image-1.jpg 952w, https:\/\/www.aromatico.de\/coffeeworld\/wp-content\/uploads\/2022\/03\/MicrosoftTeams-image-1-300x73.jpg 300w, https:\/\/www.aromatico.de\/coffeeworld\/wp-content\/uploads\/2022\/03\/MicrosoftTeams-image-1-768x188.jpg 768w\" sizes=\"(max-width: 952px) 100vw, 952px\" \/><\/div>\n<h2 class=\"wprm-recipe-name wprm-block-text-bold\">Erdbeer-Latte<\/h2>\n<div class=\"wprm-spacer\"><\/div>\n\n<div class=\"wprm-spacer\"><\/div>\n<div class=\"wprm-recipe-summary wprm-block-text-normal\"><span style=\"display: block;\">Der Erdbeer-Latte ist ein absolutes Trendgetr\u00e4nk f\u00fcr die w\u00e4rmeren Tage. Die Erdbeere geh\u00f6rt zu den beliebtesten Obstsorten der Deutschen. Die Kombination aus erfrischenden Beeren und einem frisch gebr\u00fchten Espresso macht den Erdbeerkaffee zu einer unserer Top-Empfehlungen f\u00fcr den Fr\u00fchling.<\/span><\/div>\n<div class=\"wprm-spacer\"><\/div>\n\n<div class=\"wprm-spacer\" style=\"height: 25px\"><\/div>\n<div class=\"wprm-template-chic-buttons wprm-container-columns-spaced-middle wprm-container-columns-gutter\">\n\t\n\t\n    \n<\/div>\n<div class=\"wprm-spacer\" style=\"height: 20px\"><\/div>\n\n<div class=\"wprm-container-columns-spaced\">\n\t<div>\n    \t\n\n\n    <\/div>\n    <div>\n    \t\n\n    <\/div>\n    <div>\t\t\n    \n    <\/div>\n<\/div>\n<div class=\"wprm-recipe-meta-container wprm-recipe-custom-container wprm-recipe-details-container wprm-recipe-details-container-table wprm-block-text-normal wprm-recipe-table-borders-none wprm-recipe-table-borders-inside\" style=\"border-width: 0;border-style: dotted;border-color: #666666;\"><div class=\"wprm-recipe-block-container wprm-recipe-block-container-table wprm-block-text-normal wprm-recipe-servings-container\" style=\"border-width: 0;border-style: dotted;border-color: #666666;\"><span class=\"wprm-recipe-icon wprm-recipe-servings-icon\"><img decoding=\"async\" src=\"https:\/\/www.aromatico.de\/coffeeworld\/wp-content\/uploads\/2021\/04\/tasse-30x30-1.png\" alt=\"\" data-pin-nopin=\"true\"\/><\/span> <span class=\"wprm-recipe-details-label wprm-block-text-uppercase-faded wprm-recipe-servings-label\">Portionen <\/span><span class=\"wprm-recipe-servings wprm-recipe-details wprm-block-text-normal\">1<\/span><\/div><div class=\"wprm-recipe-block-container wprm-recipe-block-container-table wprm-block-text-normal wprm-recipe-time-container wprm-recipe-total-time-container\" style=\"border-width: 0;border-style: dotted;border-color: #666666;\"><span class=\"wprm-recipe-icon wprm-recipe-time-icon wprm-recipe-total-time-icon\"><img decoding=\"async\" src=\"https:\/\/www.aromatico.de\/coffeeworld\/wp-content\/uploads\/2021\/04\/uhr-30x30-1.png\" alt=\"\" data-pin-nopin=\"true\"\/><\/span> <span class=\"wprm-recipe-details-label wprm-block-text-uppercase-faded wprm-recipe-time-label wprm-recipe-total-time-label\">Gesamtzeit <\/span><span class=\"wprm-recipe-time wprm-block-text-normal\"><span class=\"wprm-recipe-details wprm-recipe-details-minutes wprm-recipe-total_time wprm-recipe-total_time-minutes\">5<span class=\"sr-only screen-reader-text wprm-screen-reader-text\"> Minuten<\/span><\/span> <span class=\"wprm-recipe-details-unit wprm-recipe-details-minutes wprm-recipe-total_time-unit wprm-recipe-total_timeunit-minutes\" aria-hidden=\"true\">Min.<\/span><\/span><\/div><div class=\"wprm-recipe-block-container wprm-recipe-block-container-table wprm-block-text-normal wprm-recipe-cost-container\" style=\"border-width: 0;border-style: dotted;border-color: #666666;\"><span class=\"wprm-recipe-icon wprm-recipe-cost-icon\"><img decoding=\"async\" src=\"https:\/\/www.aromatico.de\/coffeeworld\/wp-content\/uploads\/2021\/04\/schwierigkeitsgrad-30x30-1.png\" alt=\"\" data-pin-nopin=\"true\"\/><\/span> <span class=\"wprm-recipe-details-label wprm-block-text-uppercase-faded wprm-recipe-cost-label\">Schwierigkeitsgrad <\/span><span class=\"wprm-recipe-details wprm-recipe-cost wprm-block-text-normal\">leicht<\/span><\/div><\/div>\n\n\n<hr class=\"aroRecSpacer\">\n<div class=\"wprm-recipe-equipment-container wprm-block-text-normal\" data-recipe=\"10061\"><h3 class=\"wprm-recipe-header wprm-recipe-equipment-header wprm-block-text-uppercase wprm-align-left wprm-header-decoration-none\" style=\"\">Kochutensilien<\/h3><ul class=\"wprm-recipe-equipment wprm-recipe-equipment-list\"><li class=\"wprm-recipe-equipment-item\" style=\"list-style-type: circle;\"><div class=\"wprm-recipe-equipment-name\">Glas zum Servieren<\/div><\/li><\/ul><\/div>\n<div class=\"wprm-spacer\"><\/div>\n<hr class=\"aroRecSpacer\">\n<div class=\"wprm-recipe-ingredients-container wprm-recipe-10061-ingredients-container wprm-block-text-normal wprm-ingredient-style-regular wprm-recipe-images-before\" data-recipe=\"10061\" data-servings=\"1\"><h3 class=\"wprm-recipe-header wprm-recipe-ingredients-header wprm-block-text-uppercase wprm-align-left wprm-header-decoration-none wprm-header-has-actions wprm-header-has-actions\" style=\"\">Zutaten&nbsp;&nbsp;<\/h3><div class=\"wprm-recipe-ingredient-group\"><ul class=\"wprm-recipe-ingredients\"><li class=\"wprm-recipe-ingredient\" style=\"list-style-type: circle;\" data-uid=\"0\"><span class=\"wprm-recipe-ingredient-name\">Erdbeeren<\/span><\/li><li class=\"wprm-recipe-ingredient\" style=\"list-style-type: circle;\" data-uid=\"1\"><span class=\"wprm-recipe-ingredient-amount\">1<\/span>&#32;<span class=\"wprm-recipe-ingredient-unit\">TL<\/span>&#32;<span class=\"wprm-recipe-ingredient-name\">Erdbeermarmelade<\/span><\/li><li class=\"wprm-recipe-ingredient\" style=\"list-style-type: circle;\" data-uid=\"2\"><span class=\"wprm-recipe-ingredient-name\">Erdbeersirup<\/span><\/li><li class=\"wprm-recipe-ingredient\" style=\"list-style-type: circle;\" data-uid=\"3\"><span class=\"wprm-recipe-ingredient-name\">Espresso<\/span><\/li><li class=\"wprm-recipe-ingredient\" style=\"list-style-type: circle;\" data-uid=\"4\"><span class=\"wprm-recipe-ingredient-name\">Milch f\u00fcr Milchschaum<\/span><\/li><\/ul><\/div><\/div>\n<div class=\"wprm-spacer\"><\/div>\n<hr class=\"aroRecSpacer\">\n<div class=\"wprm-recipe-instructions-container wprm-recipe-10061-instructions-container wprm-block-text-normal\" data-recipe=\"10061\"><h3 class=\"wprm-recipe-header wprm-recipe-instructions-header wprm-block-text-uppercase wprm-align-left wprm-header-decoration-none wprm-header-has-actions\" style=\"\">Zubereitung&nbsp;<\/h3><div class=\"wprm-recipe-instruction-group\"><ul class=\"wprm-recipe-instructions\"><li id=\"wprm-recipe-10061-step-0-0\" class=\"wprm-recipe-instruction\" style=\"list-style-type: decimal;\"><div class=\"wprm-recipe-instruction-text\" style=\"margin-bottom: 5px;\"><span style=\"display: block;\">Geschnittene Erdbeeren in ein Glas geben.<\/span><\/div><\/li><li id=\"wprm-recipe-10061-step-0-1\" class=\"wprm-recipe-instruction\" style=\"list-style-type: decimal;\"><div class=\"wprm-recipe-instruction-text\" style=\"margin-bottom: 5px;\"><span style=\"display: block;\">Einen Teel\u00f6ffel Erdbeermarmelade hinzuf\u00fcgen.<\/span><\/div><\/li><li id=\"wprm-recipe-10061-step-0-2\" class=\"wprm-recipe-instruction\" style=\"list-style-type: decimal;\"><div class=\"wprm-recipe-instruction-text\" style=\"margin-bottom: 5px;\"><span style=\"display: block;\">Je nach gew\u00fcnschter S\u00fc\u00dfe etwas Erdbeersirup hinzuf\u00fcgen.<\/span><\/div><\/li><li id=\"wprm-recipe-10061-step-0-3\" class=\"wprm-recipe-instruction\" style=\"list-style-type: decimal;\"><div class=\"wprm-recipe-instruction-text\" style=\"margin-bottom: 5px;\"><span style=\"display: block;\">Nun den frisch gebr\u00fchten Espresso in das Glas sch\u00fctten.<\/span><\/div><\/li><li id=\"wprm-recipe-10061-step-0-4\" class=\"wprm-recipe-instruction\" style=\"list-style-type: decimal;\"><div class=\"wprm-recipe-instruction-text\" style=\"margin-bottom: 5px;\"><span style=\"display: block;\">Etwas Milch aufsch\u00e4umen und den Milchschaum auf dem angerichteten Glas verteilen.<\/span><\/div><\/li><li id=\"wprm-recipe-10061-step-0-5\" class=\"wprm-recipe-instruction\" style=\"list-style-type: decimal;\"><div class=\"wprm-recipe-instruction-text\" style=\"margin-bottom: 5px;\"><span style=\"display: block;\">Mit weiteren frischen Erdbeeren oder Sirup dekorieren.<\/span><\/div><\/li><\/ul><\/div><\/div>\n<hr class=\"aroRecSpacer\">\n\n<div class=\"wprm-recipe-notes-container wprm-block-text-normal\"><h3 class=\"wprm-recipe-header wprm-recipe-notes-header wprm-block-text-uppercase wprm-align-left wprm-header-decoration-none\" style=\"\">unser tipp<\/h3><div class=\"wprm-recipe-notes\"><span style=\"display: block;\">Im Sommer empfehlen wir, den Kaffee erst kaltzustellen und dem Erdbeer-Latte Eisw\u00fcrfel hinzuzuf\u00fcgen, um ein noch erfrischenderes Getr\u00e4nk f\u00fcr die hei\u00dfen Tage zu erhalten. Au\u00dferdem l\u00e4sst sich der Erdbeer-Latte mit gefrorenen Fr\u00fcchten zubereiten, falls Sie mal keine frischen Erdbeeren zur Hand haben oder einen Eiskaffee zubereiten m\u00f6chten.\u00a0<\/span><\/div><\/div>\n\n<div class=\"wprm-spacer\" style=\"height: 20px\"><\/div><\/div><\/div>\n<p>[\/vc_column_text][\/vc_column][\/vc_row]<\/p>\n<\/div>","protected":false},"excerpt":{"rendered":"<p>[vc_row][vc_column][vc_column_text]Der Fr\u00fchling steht vor der T\u00fcr &#8211; Die Tage werden l\u00e4nger und die Temperaturen steigen. Gerade zu dieser Jahreszeit bekommen viele Leute Lust auf frisches Obst und erfrischende Getr\u00e4nke. Warum also nicht beides miteinander kombinieren \u2013 Hierzu empfehlen wir Ihnen, den Erdbeer-Latte zu probieren. In wenigen Schritten l\u00e4sst sich der klassische Espresso ohne viel Aufwand&hellip;<\/p>\n","protected":false},"author":34,"featured_media":10055,"comment_status":"open","ping_status":"closed","sticky":false,"template":"","format":"standard","meta":{"wprm-recipe-roundup-name":"","wprm-recipe-roundup-description":"","footnotes":""},"categories":[69],"tags":[],"yoast_head":"<!-- This site is optimized with the Yoast SEO Premium plugin v21.6 (Yoast SEO v21.6) - https:\/\/yoast.com\/wordpress\/plugins\/seo\/ -->\n<title>Rezept: Erdbeer-Latte-Macchiato - Jetzt probieren!<\/title>\n<meta name=\"description\" content=\"Der Erdbeer-Latte ist die ideale Erfrischung f\u00fcr die Fr\u00fchlingstage - Wir zeigen Ihnen, wie schnell und einfach er zubereitet wird!\" \/>\n<meta name=\"robots\" content=\"index, follow, max-snippet:-1, max-image-preview:large, max-video-preview:-1\" \/>\n<link rel=\"canonical\" href=\"https:\/\/www.aromatico.de\/coffeeworld\/food-corner\/erdbeer-latte-rezept\/\" \/>\n<meta property=\"og:locale\" content=\"de_DE\" \/>\n<meta property=\"og:type\" content=\"article\" \/>\n<meta property=\"og:title\" content=\"Erdbeer-Latte Rezept\" \/>\n<meta property=\"og:description\" content=\"Der Erdbeer-Latte ist die ideale Erfrischung f\u00fcr die Fr\u00fchlingstage - Wir zeigen Ihnen, wie schnell und einfach er zubereitet wird!\" \/>\n<meta property=\"og:url\" content=\"https:\/\/www.aromatico.de\/coffeeworld\/food-corner\/erdbeer-latte-rezept\/\" \/>\n<meta property=\"og:site_name\" content=\"Aromatico Coffee World Magazin\" \/>\n<meta property=\"article:publisher\" content=\"https:\/\/www.facebook.com\/aromatico.de\/\" \/>\n<meta property=\"article:published_time\" content=\"2022-03-16T10:38:54+00:00\" \/>\n<meta property=\"article:modified_time\" content=\"2022-11-28T08:26:26+00:00\" \/>\n<meta property=\"og:image\" content=\"https:\/\/www.aromatico.de\/coffeeworld\/wp-content\/uploads\/2022\/03\/MicrosoftTeams-image.jpg\" \/>\n\t<meta property=\"og:image:width\" content=\"825\" \/>\n\t<meta property=\"og:image:height\" content=\"412\" \/>\n\t<meta property=\"og:image:type\" content=\"image\/jpeg\" \/>\n<meta name=\"author\" content=\"Nadine\" \/>\n<meta name=\"twitter:card\" content=\"summary_large_image\" \/>\n<meta name=\"twitter:label1\" content=\"Verfasst von\" \/>\n\t<meta name=\"twitter:data1\" content=\"Nadine\" \/>\n\t<meta name=\"twitter:label2\" content=\"Gesch\u00e4tzte Lesezeit\" \/>\n\t<meta name=\"twitter:data2\" content=\"2 Minuten\" \/>\n<script type=\"application\/ld+json\" class=\"yoast-schema-graph\">{\"@context\":\"https:\/\/schema.org\",\"@graph\":[{\"@type\":\"Article\",\"@id\":\"https:\/\/www.aromatico.de\/coffeeworld\/food-corner\/erdbeer-latte-rezept\/#article\",\"isPartOf\":{\"@id\":\"https:\/\/www.aromatico.de\/coffeeworld\/food-corner\/erdbeer-latte-rezept\/\"},\"author\":{\"name\":\"Nadine\",\"@id\":\"https:\/\/www.aromatico.de\/coffeeworld\/#\/schema\/person\/6d7f5507a72e6188f8d1077b0e6760b3\"},\"headline\":\"Erdbeer-Latte Rezept\",\"datePublished\":\"2022-03-16T10:38:54+00:00\",\"dateModified\":\"2022-11-28T08:26:26+00:00\",\"mainEntityOfPage\":{\"@id\":\"https:\/\/www.aromatico.de\/coffeeworld\/food-corner\/erdbeer-latte-rezept\/\"},\"wordCount\":586,\"commentCount\":0,\"publisher\":{\"@id\":\"https:\/\/www.aromatico.de\/coffeeworld\/#organization\"},\"articleSection\":[\"Food Corner\"],\"inLanguage\":\"de-DE\",\"potentialAction\":[{\"@type\":\"CommentAction\",\"name\":\"Comment\",\"target\":[\"https:\/\/www.aromatico.de\/coffeeworld\/food-corner\/erdbeer-latte-rezept\/#respond\"]}]},{\"@type\":\"WebPage\",\"@id\":\"https:\/\/www.aromatico.de\/coffeeworld\/food-corner\/erdbeer-latte-rezept\/\",\"url\":\"https:\/\/www.aromatico.de\/coffeeworld\/food-corner\/erdbeer-latte-rezept\/\",\"name\":\"Rezept: Erdbeer-Latte-Macchiato - Jetzt probieren!\",\"isPartOf\":{\"@id\":\"https:\/\/www.aromatico.de\/coffeeworld\/#website\"},\"datePublished\":\"2022-03-16T10:38:54+00:00\",\"dateModified\":\"2022-11-28T08:26:26+00:00\",\"description\":\"Der Erdbeer-Latte ist die ideale Erfrischung f\u00fcr die Fr\u00fchlingstage - Wir zeigen Ihnen, wie schnell und einfach er zubereitet wird!\",\"breadcrumb\":{\"@id\":\"https:\/\/www.aromatico.de\/coffeeworld\/food-corner\/erdbeer-latte-rezept\/#breadcrumb\"},\"inLanguage\":\"de-DE\",\"potentialAction\":[{\"@type\":\"ReadAction\",\"target\":[\"https:\/\/www.aromatico.de\/coffeeworld\/food-corner\/erdbeer-latte-rezept\/\"]}]},{\"@type\":\"BreadcrumbList\",\"@id\":\"https:\/\/www.aromatico.de\/coffeeworld\/food-corner\/erdbeer-latte-rezept\/#breadcrumb\",\"itemListElement\":[{\"@type\":\"ListItem\",\"position\":1,\"name\":\"Home\",\"item\":\"https:\/\/www.aromatico.de\/coffeeworld\/\"},{\"@type\":\"ListItem\",\"position\":2,\"name\":\"Erdbeer-Latte Rezept\"}]},{\"@type\":\"WebSite\",\"@id\":\"https:\/\/www.aromatico.de\/coffeeworld\/#website\",\"url\":\"https:\/\/www.aromatico.de\/coffeeworld\/\",\"name\":\"Aromatico Coffee World Magazin\",\"description\":\"\",\"publisher\":{\"@id\":\"https:\/\/www.aromatico.de\/coffeeworld\/#organization\"},\"potentialAction\":[{\"@type\":\"SearchAction\",\"target\":{\"@type\":\"EntryPoint\",\"urlTemplate\":\"https:\/\/www.aromatico.de\/coffeeworld\/?s={search_term_string}\"},\"query-input\":\"required name=search_term_string\"}],\"inLanguage\":\"de-DE\"},{\"@type\":\"Organization\",\"@id\":\"https:\/\/www.aromatico.de\/coffeeworld\/#organization\",\"name\":\"Aromatico Heinrich Schwarz GmbH & Co. KG\",\"url\":\"https:\/\/www.aromatico.de\/coffeeworld\/\",\"logo\":{\"@type\":\"ImageObject\",\"inLanguage\":\"de-DE\",\"@id\":\"https:\/\/www.aromatico.de\/coffeeworld\/#\/schema\/logo\/image\/\",\"url\":\"https:\/\/www.aromatico.de\/coffeeworld\/wp-content\/uploads\/2017\/07\/Aromatico-Coffee-World-Icon-512x512-Edges.png\",\"contentUrl\":\"https:\/\/www.aromatico.de\/coffeeworld\/wp-content\/uploads\/2017\/07\/Aromatico-Coffee-World-Icon-512x512-Edges.png\",\"width\":512,\"height\":512,\"caption\":\"Aromatico Heinrich Schwarz GmbH & Co. KG\"},\"image\":{\"@id\":\"https:\/\/www.aromatico.de\/coffeeworld\/#\/schema\/logo\/image\/\"},\"sameAs\":[\"https:\/\/www.facebook.com\/aromatico.de\/\"]},{\"@type\":\"Person\",\"@id\":\"https:\/\/www.aromatico.de\/coffeeworld\/#\/schema\/person\/6d7f5507a72e6188f8d1077b0e6760b3\",\"name\":\"Nadine\",\"image\":{\"@type\":\"ImageObject\",\"inLanguage\":\"de-DE\",\"@id\":\"https:\/\/www.aromatico.de\/coffeeworld\/#\/schema\/person\/image\/\",\"url\":\"https:\/\/secure.gravatar.com\/avatar\/8fe040ae767c602a8c684b21bec4eea9?s=96&d=mm&r=g\",\"contentUrl\":\"https:\/\/secure.gravatar.com\/avatar\/8fe040ae767c602a8c684b21bec4eea9?s=96&d=mm&r=g\",\"caption\":\"Nadine\"},\"description\":\"Ich hei\u00dfe Nadine, studiere Betriebswirtschaftslehre und unterst\u00fctze aktuell das E-Commerce-Team von Aromatico. Besonders faszinieren mich die facettenreichen Aromen von Kaffee.\",\"url\":\"https:\/\/www.aromatico.de\/coffeeworld\/author\/nfalke\/\"}]}<\/script>\n<!-- \/ Yoast SEO Premium plugin. -->","yoast_head_json":{"title":"Rezept: Erdbeer-Latte-Macchiato - Jetzt probieren!","description":"Der Erdbeer-Latte ist die ideale Erfrischung f\u00fcr die Fr\u00fchlingstage - Wir zeigen Ihnen, wie schnell und einfach er zubereitet wird!","robots":{"index":"index","follow":"follow","max-snippet":"max-snippet:-1","max-image-preview":"max-image-preview:large","max-video-preview":"max-video-preview:-1"},"canonical":"https:\/\/www.aromatico.de\/coffeeworld\/food-corner\/erdbeer-latte-rezept\/","og_locale":"de_DE","og_type":"article","og_title":"Erdbeer-Latte Rezept","og_description":"Der Erdbeer-Latte ist die ideale Erfrischung f\u00fcr die Fr\u00fchlingstage - Wir zeigen Ihnen, wie schnell und einfach er zubereitet wird!","og_url":"https:\/\/www.aromatico.de\/coffeeworld\/food-corner\/erdbeer-latte-rezept\/","og_site_name":"Aromatico Coffee World Magazin","article_publisher":"https:\/\/www.facebook.com\/aromatico.de\/","article_published_time":"2022-03-16T10:38:54+00:00","article_modified_time":"2022-11-28T08:26:26+00:00","og_image":[{"width":825,"height":412,"url":"https:\/\/www.aromatico.de\/coffeeworld\/wp-content\/uploads\/2022\/03\/MicrosoftTeams-image.jpg","type":"image\/jpeg"}],"author":"Nadine","twitter_card":"summary_large_image","twitter_misc":{"Verfasst von":"Nadine","Gesch\u00e4tzte Lesezeit":"2 Minuten"},"schema":{"@context":"https:\/\/schema.org","@graph":[{"@type":"Article","@id":"https:\/\/www.aromatico.de\/coffeeworld\/food-corner\/erdbeer-latte-rezept\/#article","isPartOf":{"@id":"https:\/\/www.aromatico.de\/coffeeworld\/food-corner\/erdbeer-latte-rezept\/"},"author":{"name":"Nadine","@id":"https:\/\/www.aromatico.de\/coffeeworld\/#\/schema\/person\/6d7f5507a72e6188f8d1077b0e6760b3"},"headline":"Erdbeer-Latte Rezept","datePublished":"2022-03-16T10:38:54+00:00","dateModified":"2022-11-28T08:26:26+00:00","mainEntityOfPage":{"@id":"https:\/\/www.aromatico.de\/coffeeworld\/food-corner\/erdbeer-latte-rezept\/"},"wordCount":586,"commentCount":0,"publisher":{"@id":"https:\/\/www.aromatico.de\/coffeeworld\/#organization"},"articleSection":["Food Corner"],"inLanguage":"de-DE","potentialAction":[{"@type":"CommentAction","name":"Comment","target":["https:\/\/www.aromatico.de\/coffeeworld\/food-corner\/erdbeer-latte-rezept\/#respond"]}]},{"@type":"WebPage","@id":"https:\/\/www.aromatico.de\/coffeeworld\/food-corner\/erdbeer-latte-rezept\/","url":"https:\/\/www.aromatico.de\/coffeeworld\/food-corner\/erdbeer-latte-rezept\/","name":"Rezept: Erdbeer-Latte-Macchiato - Jetzt probieren!","isPartOf":{"@id":"https:\/\/www.aromatico.de\/coffeeworld\/#website"},"datePublished":"2022-03-16T10:38:54+00:00","dateModified":"2022-11-28T08:26:26+00:00","description":"Der Erdbeer-Latte ist die ideale Erfrischung f\u00fcr die Fr\u00fchlingstage - Wir zeigen Ihnen, wie schnell und einfach er zubereitet wird!","breadcrumb":{"@id":"https:\/\/www.aromatico.de\/coffeeworld\/food-corner\/erdbeer-latte-rezept\/#breadcrumb"},"inLanguage":"de-DE","potentialAction":[{"@type":"ReadAction","target":["https:\/\/www.aromatico.de\/coffeeworld\/food-corner\/erdbeer-latte-rezept\/"]}]},{"@type":"BreadcrumbList","@id":"https:\/\/www.aromatico.de\/coffeeworld\/food-corner\/erdbeer-latte-rezept\/#breadcrumb","itemListElement":[{"@type":"ListItem","position":1,"name":"Home","item":"https:\/\/www.aromatico.de\/coffeeworld\/"},{"@type":"ListItem","position":2,"name":"Erdbeer-Latte Rezept"}]},{"@type":"WebSite","@id":"https:\/\/www.aromatico.de\/coffeeworld\/#website","url":"https:\/\/www.aromatico.de\/coffeeworld\/","name":"Aromatico Coffee World Magazin","description":"","publisher":{"@id":"https:\/\/www.aromatico.de\/coffeeworld\/#organization"},"potentialAction":[{"@type":"SearchAction","target":{"@type":"EntryPoint","urlTemplate":"https:\/\/www.aromatico.de\/coffeeworld\/?s={search_term_string}"},"query-input":"required name=search_term_string"}],"inLanguage":"de-DE"},{"@type":"Organization","@id":"https:\/\/www.aromatico.de\/coffeeworld\/#organization","name":"Aromatico Heinrich Schwarz GmbH & Co. KG","url":"https:\/\/www.aromatico.de\/coffeeworld\/","logo":{"@type":"ImageObject","inLanguage":"de-DE","@id":"https:\/\/www.aromatico.de\/coffeeworld\/#\/schema\/logo\/image\/","url":"https:\/\/www.aromatico.de\/coffeeworld\/wp-content\/uploads\/2017\/07\/Aromatico-Coffee-World-Icon-512x512-Edges.png","contentUrl":"https:\/\/www.aromatico.de\/coffeeworld\/wp-content\/uploads\/2017\/07\/Aromatico-Coffee-World-Icon-512x512-Edges.png","width":512,"height":512,"caption":"Aromatico Heinrich Schwarz GmbH & Co. KG"},"image":{"@id":"https:\/\/www.aromatico.de\/coffeeworld\/#\/schema\/logo\/image\/"},"sameAs":["https:\/\/www.facebook.com\/aromatico.de\/"]},{"@type":"Person","@id":"https:\/\/www.aromatico.de\/coffeeworld\/#\/schema\/person\/6d7f5507a72e6188f8d1077b0e6760b3","name":"Nadine","image":{"@type":"ImageObject","inLanguage":"de-DE","@id":"https:\/\/www.aromatico.de\/coffeeworld\/#\/schema\/person\/image\/","url":"https:\/\/secure.gravatar.com\/avatar\/8fe040ae767c602a8c684b21bec4eea9?s=96&d=mm&r=g","contentUrl":"https:\/\/secure.gravatar.com\/avatar\/8fe040ae767c602a8c684b21bec4eea9?s=96&d=mm&r=g","caption":"Nadine"},"description":"Ich hei\u00dfe Nadine, studiere Betriebswirtschaftslehre und unterst\u00fctze aktuell das E-Commerce-Team von Aromatico. Besonders faszinieren mich die facettenreichen Aromen von Kaffee.","url":"https:\/\/www.aromatico.de\/coffeeworld\/author\/nfalke\/"}]}},"_links":{"self":[{"href":"https:\/\/www.aromatico.de\/coffeeworld\/wp-json\/wp\/v2\/posts\/10054"}],"collection":[{"href":"https:\/\/www.aromatico.de\/coffeeworld\/wp-json\/wp\/v2\/posts"}],"about":[{"href":"https:\/\/www.aromatico.de\/coffeeworld\/wp-json\/wp\/v2\/types\/post"}],"author":[{"embeddable":true,"href":"https:\/\/www.aromatico.de\/coffeeworld\/wp-json\/wp\/v2\/users\/34"}],"replies":[{"embeddable":true,"href":"https:\/\/www.aromatico.de\/coffeeworld\/wp-json\/wp\/v2\/comments?post=10054"}],"version-history":[{"count":29,"href":"https:\/\/www.aromatico.de\/coffeeworld\/wp-json\/wp\/v2\/posts\/10054\/revisions"}],"predecessor-version":[{"id":12548,"href":"https:\/\/www.aromatico.de\/coffeeworld\/wp-json\/wp\/v2\/posts\/10054\/revisions\/12548"}],"wp:featuredmedia":[{"embeddable":true,"href":"https:\/\/www.aromatico.de\/coffeeworld\/wp-json\/wp\/v2\/media\/10055"}],"wp:attachment":[{"href":"https:\/\/www.aromatico.de\/coffeeworld\/wp-json\/wp\/v2\/media?parent=10054"}],"wp:term":[{"taxonomy":"category","embeddable":true,"href":"https:\/\/www.aromatico.de\/coffeeworld\/wp-json\/wp\/v2\/categories?post=10054"},{"taxonomy":"post_tag","embeddable":true,"href":"https:\/\/www.aromatico.de\/coffeeworld\/wp-json\/wp\/v2\/tags?post=10054"}],"curies":[{"name":"wp","href":"https:\/\/api.w.org\/{rel}","templated":true}]}}