{"id":2238,"date":"2017-07-26T15:22:55","date_gmt":"2017-07-26T13:22:55","guid":{"rendered":"https:\/\/www.aromatico.de\/coffeeworld\/?p=2238"},"modified":"2023-10-04T16:16:13","modified_gmt":"2023-10-04T14:16:13","slug":"das-caferama-von-badilatti-nostalgische-kaffeevielfalt","status":"publish","type":"post","link":"https:\/\/www.aromatico.de\/coffeeworld\/coffee\/das-caferama-von-badilatti-nostalgische-kaffeevielfalt\/","title":{"rendered":"Das Caferama von Badilatti: Nostalgische Kaffeevielfalt"},"content":{"rendered":"<div class=\"wpb-content-wrapper\"><p>[vc_row][vc_column][vc_column_text]<\/p>\r\n<p>Das Besondere am Kaffee ist seine Geschichte. In Zuoz bei Sankt Moritz hat sich die Kaffee R\u00f6sterei von <a href=\"http:\/\/www.cafe-badilatti.ch\/\" target=\"_blank\" rel=\"noreferrer noopener\">Daniel Badilatti<\/a> dem Thema Kaffeegeschichte angenommen und das <a href=\"http:\/\/www.cafe-badilatti.ch\/kaffee-museum\/caferama.html\" target=\"_blank\" rel=\"noreferrer noopener\">Caferama<\/a> er\u00f6ffnet. Eine kleine Kaffeer\u00f6sterei und ein eigenes Kaffeemuseum? Aber doch, das Museum erz\u00e4hlt die Geschichte der Eroberung des Kaffees rund um den Globus durch viele Epochen<\/p>\r\n<p>\u00a0<\/p>\r\n\r\n<h2 class=\"wp-block-heading\" id=\"h-das-caferama-kaffeegeschichte-und-kultur-in-der-r-sterei-badilatti\">Das Caferama: Kaffeegeschichte und -kultur in der R\u00f6sterei Badilatti<\/h2>\r\n<p>\u00a0<\/p>\r\n\r\n<div class=\"wp-block-image\">\r\n<figure class=\"alignleft size-large is-resized\"><img loading=\"lazy\" decoding=\"async\" class=\"wp-image-2242\" src=\"https:\/\/www.aromatico.de\/coffeeworld\/wp-content\/uploads\/2017\/07\/Badilatti-Caf\u00e8rama-2-1200x800-2-1024x681.jpg\" alt=\"R\u00f6stanlagen\" width=\"301\" height=\"199\" srcset=\"https:\/\/www.aromatico.de\/coffeeworld\/wp-content\/uploads\/2017\/07\/Badilatti-Caf\u00e8rama-2-1200x800-2-1024x681.jpg 1024w, https:\/\/www.aromatico.de\/coffeeworld\/wp-content\/uploads\/2017\/07\/Badilatti-Caf\u00e8rama-2-1200x800-2-768x511.jpg 768w, https:\/\/www.aromatico.de\/coffeeworld\/wp-content\/uploads\/2017\/07\/Badilatti-Caf\u00e8rama-2-1200x800-2-638x424.jpg 638w, https:\/\/www.aromatico.de\/coffeeworld\/wp-content\/uploads\/2017\/07\/Badilatti-Caf\u00e8rama-2-1200x800-2-135x90.jpg 135w, https:\/\/www.aromatico.de\/coffeeworld\/wp-content\/uploads\/2017\/07\/Badilatti-Caf\u00e8rama-2-1200x800-2.jpg 1200w\" sizes=\"(max-width: 301px) 100vw, 301px\" \/>\r\n<figcaption>Nostalgier\u00f6ster im Caferama \u00a9 Badilatti<\/figcaption>\r\n<\/figure>\r\n<\/div>\r\n\r\n<p>Die Entscheidung ein Museum einzurichten, traf Daniel Badilatti bereits 1994. Im Konzept zum Caferama war vorgesehen, dass das Museum nicht nur eine Ansammlung von Kaffeegegenst\u00e4nden darstellen, sondern s\u00e4mtliche Aspekte des Produktes pr\u00e4sentieren sollte. Das Museum befindet sich im selben Geb\u00e4ude wie die R\u00f6sterei Badilatti und zeigt die Kulturgeschichte des Kaffees. Kaffee ist Luxusgut, Genussmittel, Handelsware und Kulturgut zugleich. Kaffee fasziniert. Rund um den Globus wird Kaffee in den verschiedensten Zubereitungsarten getrunken. Jede Kultur hat individuelle Kaffeerituale und Kaffeepausen. Eines ist jedoch \u00fcberall auf der Welt gleich: Kaffee hat einen unverwechselbaren ganz charakteristischen Geruch und Geschmack. Diese anregende, inspirierende Kaffeevielfalt hat ein Zuhause bekommen in der h\u00f6chstgelegenden Kaffeer\u00f6sterei Europas, bei Daniel Badilatti.<\/p>\r\n<p>\u00a0<\/p>\r\n\r\n<h2 class=\"wp-block-heading\" id=\"h-caferama-wie-kommt-man-zu-einem-museum\">Caferama: Wie kommt man zu einem Museum?<\/h2>\r\n\r\n<p>Das Caferama von Daniel Badilatti entstand aus einer Sammlerleidenschaft heraus. Der Vater von Daniel Badilatti Giacomo Badilatti war schon fr\u00fch von Kaffee begeistert. Alles rund um den Kaffee wie Prober\u00f6ster, M\u00fchlen und Tassen fand seine Aufmerksamkeit. Nachdem Daniel Badilatti 1976 das Gesch\u00e4ft von seinem Vater \u00fcbernahm, war schnell klar, dass die Kulturg\u00fcter rund um den Kaffee einen eigenen Platz bekommen sollten. In den Adern der <a href=\"https:\/\/www.aromatico.de\/roesterei\/badilatti\/\" target=\"_blank\" rel=\"noreferrer noopener\">Familie Badilatti <\/a>flie\u00dft schon seit jeher die Leidenschaft f\u00fcr Kaffee. In der Region Engadin in der Schweiz ist die Familie gut bekannt und beliebt f\u00fcr ausgezeichneten Kaffee.\u00a0 Freunde und Bekannte der Familie Badilatti bringen seit Jahren nostalgische Kaffeekuriosit\u00e4ten als Mitbringsel oder Geschenke mit. Die Sammlung\u00a0 besteht aus alten Kaffeem\u00fchlen, speziellen Tassen und R\u00f6stutensilien. Als 1992 die Planung eines neuen Betriebsgeb\u00e4udes bevorstand und mit Blick auf die wertvollen Exponate rund um den Kaffee, nahm das Caferama langsam Gestalt an. Das Engadin ist eine beliebte Wintersport Region. Viele Besucher und Ferieng\u00e4ste nutzen das Caferama, um sich bei schlechtem Wetter in die Welt des Kaffees ziehen zu lassen. Nach einer Betriebsf\u00fchrung bei der R\u00f6sterei schlie\u00dft sich das Caferama an und zeichnet noch einmal ein Bild der komplexen Kaffeewelt. Es gibt so viel \u00fcber Kaffee zu entdecken, dass auch mehrmalige Besuche nicht langweilig werden.<\/p>\r\n<p>\u00a0<\/p>\r\n\r\n<div class=\"wp-block-image\">\r\n<figure class=\"alignleft size-large is-resized\"><img loading=\"lazy\" decoding=\"async\" class=\"wp-image-2243\" src=\"https:\/\/www.aromatico.de\/coffeeworld\/wp-content\/uploads\/2017\/07\/Badilatti-Caferama-3-1200x800-1024x681.jpg\" alt=\"Veranstaltungsraum\" width=\"315\" height=\"209\" srcset=\"https:\/\/www.aromatico.de\/coffeeworld\/wp-content\/uploads\/2017\/07\/Badilatti-Caferama-3-1200x800-1024x681.jpg 1024w, https:\/\/www.aromatico.de\/coffeeworld\/wp-content\/uploads\/2017\/07\/Badilatti-Caferama-3-1200x800-300x200.jpg 300w, https:\/\/www.aromatico.de\/coffeeworld\/wp-content\/uploads\/2017\/07\/Badilatti-Caferama-3-1200x800-768x511.jpg 768w, https:\/\/www.aromatico.de\/coffeeworld\/wp-content\/uploads\/2017\/07\/Badilatti-Caferama-3-1200x800-638x424.jpg 638w, https:\/\/www.aromatico.de\/coffeeworld\/wp-content\/uploads\/2017\/07\/Badilatti-Caferama-3-1200x800-135x90.jpg 135w, https:\/\/www.aromatico.de\/coffeeworld\/wp-content\/uploads\/2017\/07\/Badilatti-Caferama-3-1200x800.jpg 1200w\" sizes=\"(max-width: 315px) 100vw, 315px\" \/>\r\n<figcaption>Veranstaltungsraum im Caferama \u00a9 Badilatti<\/figcaption>\r\n<\/figure>\r\n<\/div>\r\n\r\n<p>1996 ist das Caferama er\u00f6ffnet worden. Die Sammlung ist seitdem stetig angewachsen. Ein \u00f6sterreichischer Sammler von Kaffeekuriosit\u00e4ten mit Zubereitungszubeh\u00f6r, Bildern und historischen Kaffeegest\u00e4nden bot seine Sammlung zum Kauf an. Aufgrund der Einzigartigkeit dieser Exponate entschloss sich Daniel Badilatti die Sammlung zu \u00fcbernehmen, die heute das Museum bereichern. Die Sammlung w\u00e4chst stetig und so ist es m\u00f6glich den Besuchern immer wieder neue Highlights zu pr\u00e4sentieren. Heute wird das Museum ebenfalls genutzt, um auch andere <a href=\"http:\/\/www.cafe-badilatti.ch\/kaffee-museum\/kaffeehausmusik-2017.html\" target=\"_blank\" rel=\"noreferrer noopener\">Kulturelle H\u00f6hepunkte<\/a> in der Region anzubieten. Zus\u00e4tzlich ist das Museum heute ein Ort des Zusammenkommens, um Konzerten oder Lesungen\u00a0in einem unvergleichlichen Ambiente zu lauschen.<\/p>\r\n<p>\u00a0<\/p>\r\n\r\n<h2 class=\"wp-block-heading\" id=\"h-woher-stammt-kaffee-eigentlich\">Woher stammt Kaffee eigentlich?<\/h2>\r\n\r\n<p>Kaffee stammt urspr\u00fcnglich aus \u00c4thiopien. Die anregende <a href=\"https:\/\/www.aromatico.de\/coffeeworld\/coffee\/wieviel-koffein-steckt-im-kaffee\" target=\"_blank\" rel=\"noreferrer noopener\">Wirkung des Getr\u00e4nks<\/a> geht auf die Entdeckung eines Hirtenjungen in Abessinien um das Jahr 850 zur\u00fcck. Seine Ziegen fra\u00dfen von einem Strauch und wurden danach besonders lebhaft. Auch M\u00f6nche kosteten die Fr\u00fcchte und waren entt\u00e4uscht, weil die Beeren bitter schmeckten. Doch warfen die M\u00f6nche die Beeren ins Feuer und es verbreitete sich der Duft, den wir alle so charakteristisch f\u00fcr Kaffee kennen. Die M\u00f6nche experimentierten und bereiteten einen Aufguss. Dies war die Geburtsstunde des Kaffeegenusses.<\/p>\r\n\r\n<p>Kaffeetrinken hat Kultur. Sie geht bis ins 11. Jahrhundert zur\u00fcck. In Persien begeisterte die anregende Wirkung, weil gl\u00e4ubige Moslems keinen Alkohol genie\u00dfen d\u00fcrfen und Kaffee eine Alternative bot. Die Bezeichnung Kaffee stammt aus dem altarabischen qahwa (&lt;&lt;anregendes Getr\u00e4nk &gt;&gt;). Im 16. Jahrhundert war Kaffee in der arabischen Welt bereits in die Lebensgewohnheiten integriert. Die Beliebtheit des Kaffees stieg rasant und ebenfalls seine Verbreitung. Aus dem Osmanischen Reich brachten venezianische Kaufleute 1625 die ersten Kaffees\u00e4cke nach Westeuropa. Das schmackhafte und anregende Getr\u00e4nk wurde schnell angenommen und alle gro\u00dfen europ\u00e4ischen St\u00e4dte er\u00f6ffneten ihre ersten Kaffeeh\u00e4user. In der Schweiz setze sich der Kaffee als Volksgetr\u00e4nk nur sehr langsam durch, da es ein sehr teures Luxusgut war. Heute ist Kaffee in der Schweiz sehr beliebt und bringt eigene Kaffeekreationen hervor \u2013 wie z.B. den Sch\u00fcmli Kaffee, der dem <a href=\"https:\/\/www.aromatico.de\/Kaffeeberater?filter=c-0-0-0#coffee\" target=\"_blank\" rel=\"noreferrer noopener\">Caff\u00e8 Creme<\/a> sehr \u00e4hnlich ist.<\/p>\r\n<p>\u00a0<\/p>\r\n\r\n<h2 class=\"wp-block-heading\" id=\"h-zusammenfassung\">Zusammenfassung:<\/h2>\r\n<p>\u00a0<\/p>\r\n\r\n<ul>\r\n<li>Das Besondere am Kaffee ist seine Geschichte<\/li>\r\n<li>Jede Kultur hat individuelle Kaffeerituale und Kaffeepausen<\/li>\r\n<li>In Zuoz bei Sankt Moritz hat sich die Kaffee R\u00f6sterei von Daniel Badilatti dem Thema Kaffeegeschichte angenommen und das Caferama er\u00f6ffnet<\/li>\r\n<li>Das Caferama von Daniel Badilatti entstand aus einer Sammlerleidenschaft heraus<\/li>\r\n<li>Kaffeetrinken hat Kultur. Sie geht bis ins 11. Jahrhundert zur\u00fcck<\/li>\r\n<li>Aus dem Osmanischen Reich brachten venezianische Kaufleute 1625 die ersten Kaffees\u00e4cke nach Westeuropa<\/li>\r\n<\/ul>\r\n\r\n<p>Beitragsbild: Caferama \u00a9 Badilatti<\/p>\r\n<p>\u00a0<\/p>\r\n<p>[\/vc_column_text][\/vc_column][\/vc_row]<\/p><\/div>","protected":false},"excerpt":{"rendered":"<p>[vc_row][vc_column][vc_column_text] Das Besondere am Kaffee ist seine Geschichte. In Zuoz bei Sankt Moritz hat sich die Kaffee R\u00f6sterei von Daniel Badilatti dem Thema Kaffeegeschichte angenommen und das Caferama er\u00f6ffnet. Eine kleine Kaffeer\u00f6sterei und ein eigenes Kaffeemuseum? Aber doch, das Museum erz\u00e4hlt die Geschichte der Eroberung des Kaffees rund um den Globus durch viele Epochen \u00a0&hellip;<\/p>\n","protected":false},"author":10,"featured_media":3021,"comment_status":"open","ping_status":"open","sticky":false,"template":"","format":"standard","meta":{"wprm-recipe-roundup-name":"","wprm-recipe-roundup-description":"","footnotes":""},"categories":[1,4],"tags":[107,108,109],"yoast_head":"<!-- This site is optimized with the Yoast SEO Premium plugin v21.6 (Yoast SEO v21.6) - https:\/\/yoast.com\/wordpress\/plugins\/seo\/ -->\n<title>Das Caferama von Badilatti: Nostalgische Kaffeevielfalt<\/title>\n<meta name=\"description\" content=\"In Zuoz bei Sankt Moritz zeigt die Kaffeer\u00f6sterei von Daniel Badilatti im Caferama die Kaffeevielfalt und Kaffeegeschichte.\" \/>\n<meta name=\"robots\" content=\"index, follow, max-snippet:-1, max-image-preview:large, max-video-preview:-1\" \/>\n<link rel=\"canonical\" href=\"https:\/\/www.aromatico.de\/coffeeworld\/coffee\/das-caferama-von-badilatti-nostalgische-kaffeevielfalt\/\" \/>\n<meta property=\"og:locale\" content=\"de_DE\" \/>\n<meta property=\"og:type\" content=\"article\" \/>\n<meta property=\"og:title\" content=\"Das Caferama von Badilatti: Nostalgische Kaffeevielfalt\" \/>\n<meta property=\"og:description\" content=\"In Zuoz bei Sankt Moritz zeigt die Kaffeer\u00f6sterei von Daniel Badilatti im Caferama die Kaffeevielfalt und Kaffeegeschichte.\" \/>\n<meta property=\"og:url\" content=\"https:\/\/www.aromatico.de\/coffeeworld\/coffee\/das-caferama-von-badilatti-nostalgische-kaffeevielfalt\/\" \/>\n<meta property=\"og:site_name\" content=\"Aromatico Coffee World Magazin\" \/>\n<meta property=\"article:publisher\" content=\"https:\/\/www.facebook.com\/aromatico.de\/\" \/>\n<meta property=\"article:published_time\" content=\"2017-07-26T13:22:55+00:00\" \/>\n<meta property=\"article:modified_time\" content=\"2023-10-04T14:16:13+00:00\" \/>\n<meta property=\"og:image\" content=\"https:\/\/www.aromatico.de\/coffeeworld\/wp-content\/uploads\/2017\/07\/C_Users_HaaseF_AppData_Local_Packages_Microsoft.SkypeApp_kzf8qxf38zg5c_LocalState_3c4f8fd8-659f-411c-b093-fec6365a956a.jpg\" \/>\n\t<meta property=\"og:image:width\" content=\"1200\" \/>\n\t<meta property=\"og:image:height\" content=\"800\" \/>\n\t<meta property=\"og:image:type\" content=\"image\/jpeg\" \/>\n<meta name=\"author\" content=\"Badilatti\" \/>\n<meta name=\"twitter:card\" content=\"summary_large_image\" \/>\n<meta name=\"twitter:label1\" content=\"Verfasst von\" \/>\n\t<meta name=\"twitter:data1\" content=\"Badilatti\" \/>\n\t<meta name=\"twitter:label2\" content=\"Gesch\u00e4tzte Lesezeit\" \/>\n\t<meta name=\"twitter:data2\" content=\"5 Minuten\" \/>\n<script type=\"application\/ld+json\" class=\"yoast-schema-graph\">{\"@context\":\"https:\/\/schema.org\",\"@graph\":[{\"@type\":\"Article\",\"@id\":\"https:\/\/www.aromatico.de\/coffeeworld\/coffee\/das-caferama-von-badilatti-nostalgische-kaffeevielfalt\/#article\",\"isPartOf\":{\"@id\":\"https:\/\/www.aromatico.de\/coffeeworld\/coffee\/das-caferama-von-badilatti-nostalgische-kaffeevielfalt\/\"},\"author\":{\"name\":\"Badilatti\",\"@id\":\"https:\/\/www.aromatico.de\/coffeeworld\/#\/schema\/person\/f22e776708d62a31426ec3ade573219a\"},\"headline\":\"Das Caferama von Badilatti: Nostalgische Kaffeevielfalt\",\"datePublished\":\"2017-07-26T13:22:55+00:00\",\"dateModified\":\"2023-10-04T14:16:13+00:00\",\"mainEntityOfPage\":{\"@id\":\"https:\/\/www.aromatico.de\/coffeeworld\/coffee\/das-caferama-von-badilatti-nostalgische-kaffeevielfalt\/\"},\"wordCount\":867,\"commentCount\":0,\"publisher\":{\"@id\":\"https:\/\/www.aromatico.de\/coffeeworld\/#organization\"},\"keywords\":[\"Kaffeegeschichte\",\"Kaffeekultur\",\"Museum\"],\"articleSection\":[\"Coffee\",\"LifeStyle\"],\"inLanguage\":\"de-DE\",\"potentialAction\":[{\"@type\":\"CommentAction\",\"name\":\"Comment\",\"target\":[\"https:\/\/www.aromatico.de\/coffeeworld\/coffee\/das-caferama-von-badilatti-nostalgische-kaffeevielfalt\/#respond\"]}]},{\"@type\":\"WebPage\",\"@id\":\"https:\/\/www.aromatico.de\/coffeeworld\/coffee\/das-caferama-von-badilatti-nostalgische-kaffeevielfalt\/\",\"url\":\"https:\/\/www.aromatico.de\/coffeeworld\/coffee\/das-caferama-von-badilatti-nostalgische-kaffeevielfalt\/\",\"name\":\"Das Caferama von Badilatti: Nostalgische Kaffeevielfalt\",\"isPartOf\":{\"@id\":\"https:\/\/www.aromatico.de\/coffeeworld\/#website\"},\"datePublished\":\"2017-07-26T13:22:55+00:00\",\"dateModified\":\"2023-10-04T14:16:13+00:00\",\"description\":\"In Zuoz bei Sankt Moritz zeigt die Kaffeer\u00f6sterei von Daniel Badilatti im Caferama die Kaffeevielfalt und Kaffeegeschichte.\",\"breadcrumb\":{\"@id\":\"https:\/\/www.aromatico.de\/coffeeworld\/coffee\/das-caferama-von-badilatti-nostalgische-kaffeevielfalt\/#breadcrumb\"},\"inLanguage\":\"de-DE\",\"potentialAction\":[{\"@type\":\"ReadAction\",\"target\":[\"https:\/\/www.aromatico.de\/coffeeworld\/coffee\/das-caferama-von-badilatti-nostalgische-kaffeevielfalt\/\"]}]},{\"@type\":\"BreadcrumbList\",\"@id\":\"https:\/\/www.aromatico.de\/coffeeworld\/coffee\/das-caferama-von-badilatti-nostalgische-kaffeevielfalt\/#breadcrumb\",\"itemListElement\":[{\"@type\":\"ListItem\",\"position\":1,\"name\":\"Home\",\"item\":\"https:\/\/www.aromatico.de\/coffeeworld\/\"},{\"@type\":\"ListItem\",\"position\":2,\"name\":\"Das Caferama von Badilatti: Nostalgische Kaffeevielfalt\"}]},{\"@type\":\"WebSite\",\"@id\":\"https:\/\/www.aromatico.de\/coffeeworld\/#website\",\"url\":\"https:\/\/www.aromatico.de\/coffeeworld\/\",\"name\":\"Aromatico Coffee World Magazin\",\"description\":\"\",\"publisher\":{\"@id\":\"https:\/\/www.aromatico.de\/coffeeworld\/#organization\"},\"potentialAction\":[{\"@type\":\"SearchAction\",\"target\":{\"@type\":\"EntryPoint\",\"urlTemplate\":\"https:\/\/www.aromatico.de\/coffeeworld\/?s={search_term_string}\"},\"query-input\":\"required name=search_term_string\"}],\"inLanguage\":\"de-DE\"},{\"@type\":\"Organization\",\"@id\":\"https:\/\/www.aromatico.de\/coffeeworld\/#organization\",\"name\":\"Aromatico Heinrich Schwarz GmbH & Co. KG\",\"url\":\"https:\/\/www.aromatico.de\/coffeeworld\/\",\"logo\":{\"@type\":\"ImageObject\",\"inLanguage\":\"de-DE\",\"@id\":\"https:\/\/www.aromatico.de\/coffeeworld\/#\/schema\/logo\/image\/\",\"url\":\"https:\/\/www.aromatico.de\/coffeeworld\/wp-content\/uploads\/2017\/07\/Aromatico-Coffee-World-Icon-512x512-Edges.png\",\"contentUrl\":\"https:\/\/www.aromatico.de\/coffeeworld\/wp-content\/uploads\/2017\/07\/Aromatico-Coffee-World-Icon-512x512-Edges.png\",\"width\":512,\"height\":512,\"caption\":\"Aromatico Heinrich Schwarz GmbH & Co. KG\"},\"image\":{\"@id\":\"https:\/\/www.aromatico.de\/coffeeworld\/#\/schema\/logo\/image\/\"},\"sameAs\":[\"https:\/\/www.facebook.com\/aromatico.de\/\"]},{\"@type\":\"Person\",\"@id\":\"https:\/\/www.aromatico.de\/coffeeworld\/#\/schema\/person\/f22e776708d62a31426ec3ade573219a\",\"name\":\"Badilatti\",\"image\":{\"@type\":\"ImageObject\",\"inLanguage\":\"de-DE\",\"@id\":\"https:\/\/www.aromatico.de\/coffeeworld\/#\/schema\/person\/image\/\",\"url\":\"https:\/\/secure.gravatar.com\/avatar\/c32580644bbd594585756fafc9b77e51?s=96&d=mm&r=g\",\"contentUrl\":\"https:\/\/secure.gravatar.com\/avatar\/c32580644bbd594585756fafc9b77e51?s=96&d=mm&r=g\",\"caption\":\"Badilatti\"},\"description\":\"Ich bin Daniel Badilatti. Die Faszination Kaffee begleitet mich schon mein ganzes Leben. Ich habe Ihr einen Ort gegeben. Das Caf\u00e8rama, das eigene Kaffeemuseum schlie\u00dft sich an meine R\u00f6sterei an.\",\"url\":\"https:\/\/www.aromatico.de\/coffeeworld\/author\/badilatti\/\"}]}<\/script>\n<!-- \/ Yoast SEO Premium plugin. -->","yoast_head_json":{"title":"Das Caferama von Badilatti: Nostalgische Kaffeevielfalt","description":"In Zuoz bei Sankt Moritz zeigt die Kaffeer\u00f6sterei von Daniel Badilatti im Caferama die Kaffeevielfalt und Kaffeegeschichte.","robots":{"index":"index","follow":"follow","max-snippet":"max-snippet:-1","max-image-preview":"max-image-preview:large","max-video-preview":"max-video-preview:-1"},"canonical":"https:\/\/www.aromatico.de\/coffeeworld\/coffee\/das-caferama-von-badilatti-nostalgische-kaffeevielfalt\/","og_locale":"de_DE","og_type":"article","og_title":"Das Caferama von Badilatti: Nostalgische Kaffeevielfalt","og_description":"In Zuoz bei Sankt Moritz zeigt die Kaffeer\u00f6sterei von Daniel Badilatti im Caferama die Kaffeevielfalt und Kaffeegeschichte.","og_url":"https:\/\/www.aromatico.de\/coffeeworld\/coffee\/das-caferama-von-badilatti-nostalgische-kaffeevielfalt\/","og_site_name":"Aromatico Coffee World Magazin","article_publisher":"https:\/\/www.facebook.com\/aromatico.de\/","article_published_time":"2017-07-26T13:22:55+00:00","article_modified_time":"2023-10-04T14:16:13+00:00","og_image":[{"width":1200,"height":800,"url":"https:\/\/www.aromatico.de\/coffeeworld\/wp-content\/uploads\/2017\/07\/C_Users_HaaseF_AppData_Local_Packages_Microsoft.SkypeApp_kzf8qxf38zg5c_LocalState_3c4f8fd8-659f-411c-b093-fec6365a956a.jpg","type":"image\/jpeg"}],"author":"Badilatti","twitter_card":"summary_large_image","twitter_misc":{"Verfasst von":"Badilatti","Gesch\u00e4tzte Lesezeit":"5 Minuten"},"schema":{"@context":"https:\/\/schema.org","@graph":[{"@type":"Article","@id":"https:\/\/www.aromatico.de\/coffeeworld\/coffee\/das-caferama-von-badilatti-nostalgische-kaffeevielfalt\/#article","isPartOf":{"@id":"https:\/\/www.aromatico.de\/coffeeworld\/coffee\/das-caferama-von-badilatti-nostalgische-kaffeevielfalt\/"},"author":{"name":"Badilatti","@id":"https:\/\/www.aromatico.de\/coffeeworld\/#\/schema\/person\/f22e776708d62a31426ec3ade573219a"},"headline":"Das Caferama von Badilatti: Nostalgische Kaffeevielfalt","datePublished":"2017-07-26T13:22:55+00:00","dateModified":"2023-10-04T14:16:13+00:00","mainEntityOfPage":{"@id":"https:\/\/www.aromatico.de\/coffeeworld\/coffee\/das-caferama-von-badilatti-nostalgische-kaffeevielfalt\/"},"wordCount":867,"commentCount":0,"publisher":{"@id":"https:\/\/www.aromatico.de\/coffeeworld\/#organization"},"keywords":["Kaffeegeschichte","Kaffeekultur","Museum"],"articleSection":["Coffee","LifeStyle"],"inLanguage":"de-DE","potentialAction":[{"@type":"CommentAction","name":"Comment","target":["https:\/\/www.aromatico.de\/coffeeworld\/coffee\/das-caferama-von-badilatti-nostalgische-kaffeevielfalt\/#respond"]}]},{"@type":"WebPage","@id":"https:\/\/www.aromatico.de\/coffeeworld\/coffee\/das-caferama-von-badilatti-nostalgische-kaffeevielfalt\/","url":"https:\/\/www.aromatico.de\/coffeeworld\/coffee\/das-caferama-von-badilatti-nostalgische-kaffeevielfalt\/","name":"Das Caferama von Badilatti: Nostalgische Kaffeevielfalt","isPartOf":{"@id":"https:\/\/www.aromatico.de\/coffeeworld\/#website"},"datePublished":"2017-07-26T13:22:55+00:00","dateModified":"2023-10-04T14:16:13+00:00","description":"In Zuoz bei Sankt Moritz zeigt die Kaffeer\u00f6sterei von Daniel Badilatti im Caferama die Kaffeevielfalt und Kaffeegeschichte.","breadcrumb":{"@id":"https:\/\/www.aromatico.de\/coffeeworld\/coffee\/das-caferama-von-badilatti-nostalgische-kaffeevielfalt\/#breadcrumb"},"inLanguage":"de-DE","potentialAction":[{"@type":"ReadAction","target":["https:\/\/www.aromatico.de\/coffeeworld\/coffee\/das-caferama-von-badilatti-nostalgische-kaffeevielfalt\/"]}]},{"@type":"BreadcrumbList","@id":"https:\/\/www.aromatico.de\/coffeeworld\/coffee\/das-caferama-von-badilatti-nostalgische-kaffeevielfalt\/#breadcrumb","itemListElement":[{"@type":"ListItem","position":1,"name":"Home","item":"https:\/\/www.aromatico.de\/coffeeworld\/"},{"@type":"ListItem","position":2,"name":"Das Caferama von Badilatti: Nostalgische Kaffeevielfalt"}]},{"@type":"WebSite","@id":"https:\/\/www.aromatico.de\/coffeeworld\/#website","url":"https:\/\/www.aromatico.de\/coffeeworld\/","name":"Aromatico Coffee World Magazin","description":"","publisher":{"@id":"https:\/\/www.aromatico.de\/coffeeworld\/#organization"},"potentialAction":[{"@type":"SearchAction","target":{"@type":"EntryPoint","urlTemplate":"https:\/\/www.aromatico.de\/coffeeworld\/?s={search_term_string}"},"query-input":"required name=search_term_string"}],"inLanguage":"de-DE"},{"@type":"Organization","@id":"https:\/\/www.aromatico.de\/coffeeworld\/#organization","name":"Aromatico Heinrich Schwarz GmbH & Co. KG","url":"https:\/\/www.aromatico.de\/coffeeworld\/","logo":{"@type":"ImageObject","inLanguage":"de-DE","@id":"https:\/\/www.aromatico.de\/coffeeworld\/#\/schema\/logo\/image\/","url":"https:\/\/www.aromatico.de\/coffeeworld\/wp-content\/uploads\/2017\/07\/Aromatico-Coffee-World-Icon-512x512-Edges.png","contentUrl":"https:\/\/www.aromatico.de\/coffeeworld\/wp-content\/uploads\/2017\/07\/Aromatico-Coffee-World-Icon-512x512-Edges.png","width":512,"height":512,"caption":"Aromatico Heinrich Schwarz GmbH & Co. KG"},"image":{"@id":"https:\/\/www.aromatico.de\/coffeeworld\/#\/schema\/logo\/image\/"},"sameAs":["https:\/\/www.facebook.com\/aromatico.de\/"]},{"@type":"Person","@id":"https:\/\/www.aromatico.de\/coffeeworld\/#\/schema\/person\/f22e776708d62a31426ec3ade573219a","name":"Badilatti","image":{"@type":"ImageObject","inLanguage":"de-DE","@id":"https:\/\/www.aromatico.de\/coffeeworld\/#\/schema\/person\/image\/","url":"https:\/\/secure.gravatar.com\/avatar\/c32580644bbd594585756fafc9b77e51?s=96&d=mm&r=g","contentUrl":"https:\/\/secure.gravatar.com\/avatar\/c32580644bbd594585756fafc9b77e51?s=96&d=mm&r=g","caption":"Badilatti"},"description":"Ich bin Daniel Badilatti. Die Faszination Kaffee begleitet mich schon mein ganzes Leben. Ich habe Ihr einen Ort gegeben. Das Caf\u00e8rama, das eigene Kaffeemuseum schlie\u00dft sich an meine R\u00f6sterei an.","url":"https:\/\/www.aromatico.de\/coffeeworld\/author\/badilatti\/"}]}},"_links":{"self":[{"href":"https:\/\/www.aromatico.de\/coffeeworld\/wp-json\/wp\/v2\/posts\/2238"}],"collection":[{"href":"https:\/\/www.aromatico.de\/coffeeworld\/wp-json\/wp\/v2\/posts"}],"about":[{"href":"https:\/\/www.aromatico.de\/coffeeworld\/wp-json\/wp\/v2\/types\/post"}],"author":[{"embeddable":true,"href":"https:\/\/www.aromatico.de\/coffeeworld\/wp-json\/wp\/v2\/users\/10"}],"replies":[{"embeddable":true,"href":"https:\/\/www.aromatico.de\/coffeeworld\/wp-json\/wp\/v2\/comments?post=2238"}],"version-history":[{"count":35,"href":"https:\/\/www.aromatico.de\/coffeeworld\/wp-json\/wp\/v2\/posts\/2238\/revisions"}],"predecessor-version":[{"id":13761,"href":"https:\/\/www.aromatico.de\/coffeeworld\/wp-json\/wp\/v2\/posts\/2238\/revisions\/13761"}],"wp:featuredmedia":[{"embeddable":true,"href":"https:\/\/www.aromatico.de\/coffeeworld\/wp-json\/wp\/v2\/media\/3021"}],"wp:attachment":[{"href":"https:\/\/www.aromatico.de\/coffeeworld\/wp-json\/wp\/v2\/media?parent=2238"}],"wp:term":[{"taxonomy":"category","embeddable":true,"href":"https:\/\/www.aromatico.de\/coffeeworld\/wp-json\/wp\/v2\/categories?post=2238"},{"taxonomy":"post_tag","embeddable":true,"href":"https:\/\/www.aromatico.de\/coffeeworld\/wp-json\/wp\/v2\/tags?post=2238"}],"curies":[{"name":"wp","href":"https:\/\/api.w.org\/{rel}","templated":true}]}}