{"id":3158,"date":"2018-11-07T12:27:35","date_gmt":"2018-11-07T11:27:35","guid":{"rendered":"https:\/\/www.aromatico.de\/coffeeworld\/?p=3158"},"modified":"2022-11-25T13:50:25","modified_gmt":"2022-11-25T12:50:25","slug":"kreativ-mit-kaffee-der-barista","status":"publish","type":"post","link":"https:\/\/www.aromatico.de\/coffeeworld\/coffee\/kreativ-mit-kaffee-der-barista\/","title":{"rendered":"Kreativ mit Kaffee: Der Barista eine Berufung"},"content":{"rendered":"<div class=\"wpb-content-wrapper\"><p>[vc_row][vc_column][vc_column_text]<\/p>\n<p>Einfach Filterkaffee br\u00fchen war gestern. Die moderne Kaffeekultur h\u00e4lt vielf\u00e4ltige Gen\u00fcsse vom kr\u00e4ftigen schwarzen Espresso bis zum cremig-s\u00fc\u00dfen Latte macchiato bereit. F\u00fcr die Erf\u00fcllung der Kundenerwartungen ist in modernen Coffee-Shops der Barista zust\u00e4ndig. Er ist ein wahrer Meister der Kaffeezubereitung und wei\u00df genau, wie er die perfekte Crema zaubert und den Cappuccino mit Milchschauen in ein Kunstwerk verwandelt, das fast zu schade zum Trinken ist.<\/p>\n<p>[\/vc_column_text][\/vc_column][\/vc_row][vc_row][vc_column][vc_custom_heading text=&#8220;WAS MACHT EIN BARISTA UND WIE LERNT ER SEIN HANDWERK?&#8220; use_theme_fonts=&#8220;yes&#8220;][\/vc_column][\/vc_row][vc_row][vc_column][vc_column_text]<\/p>\n<p>Das Wort Barista wurde, wie so viele andere Worte der modernen Kaffeekultur, aus der italienischen Sprache \u00fcbernommen. In\u00a0<a href=\"https:\/\/www.aromatico.de\/coffeeworld\/coffee\/rom-metropole-trifft-auf-kaffeeexklusivitaet\" target=\"_blank\" rel=\"noreferrer noopener\">Italien<\/a>\u00a0ist der Barista der Barkeeper, der in den klassischen italienischen Bars und \u00e4hnlichen kleinen Lokalen alle m\u00f6glichen Getr\u00e4nke an der Bar serviert. Das Wort Barista umfasst dabei Damen und Herren. Lediglich im Plural wird eine Trennung bemerkbar: Eine Herrengruppe wird als Baristi bezeichnet, eine Damengruppe als Bariste. Die gro\u00dfen Coffee-Shop-Ketten im angloamerikanischen Raum \u00fcbernahmen die Bezeichnung Barista f\u00fcr ihr Personal, und als die Kaffeewelle in den deutschsprachigen Raum schwappte, kam der Barista gleich mit.<\/p>\n<p>[\/vc_column_text][\/vc_column][\/vc_row][vc_row][vc_column]<style type=\"text\/css\" data-type=\"the7_shortcodes-inline-css\">.gallery-shortcode.gallery-masonry-shortcode-id-7d504a8b183db490875f32bda5bd5c12 figure,\n.gallery-shortcode.gallery-masonry-shortcode-id-7d504a8b183db490875f32bda5bd5c12 .rollover,\n.gallery-shortcode.gallery-masonry-shortcode-id-7d504a8b183db490875f32bda5bd5c12 img,\n.gallery-shortcode.gallery-masonry-shortcode-id-7d504a8b183db490875f32bda5bd5c12 .gallery-rollover {\n  border-radius: 0px;\n}\n.gallery-shortcode.gallery-masonry-shortcode-id-7d504a8b183db490875f32bda5bd5c12.enable-bg-rollover .gallery-rollover {\n  background: -webkit-linear-gradient();\n  background: linear-gradient();\n}\n.gallery-shortcode.gallery-masonry-shortcode-id-7d504a8b183db490875f32bda5bd5c12.enable-bg-rollover.hover-scale figure .rollover:after {\n  background: -webkit-linear-gradient();\n  background: linear-gradient();\n}\n.gallery-shortcode.gallery-masonry-shortcode-id-7d504a8b183db490875f32bda5bd5c12 .gallery-zoom-ico {\n  width: 44px;\n  height: 44px;\n  line-height: 44px;\n  border-radius: 100px;\n  margin: -22px 0 0 -22px;\n  border-width: 0px;\n  color: #ffffff;\n}\n.dt-icon-bg-on.gallery-shortcode.gallery-masonry-shortcode-id-7d504a8b183db490875f32bda5bd5c12 .gallery-zoom-ico {\n  background: rgba(255,255,255,0.3);\n  box-shadow: none;\n}\n.gallery-shortcode.gallery-masonry-shortcode-id-7d504a8b183db490875f32bda5bd5c12 .gallery-zoom-ico:before,\n.gallery-shortcode.gallery-masonry-shortcode-id-7d504a8b183db490875f32bda5bd5c12 .gallery-zoom-ico span {\n  font-size: 32px;\n  line-height: 44px;\n  color: #ffffff;\n}\n.gallery-shortcode.gallery-masonry-shortcode-id-7d504a8b183db490875f32bda5bd5c12:not(.resize-by-browser-width) .dt-css-grid {\n  grid-row-gap: 10px;\n  grid-column-gap: 10px;\n  grid-template-columns: repeat(auto-fill,minmax(,1fr));\n}\n.gallery-shortcode.gallery-masonry-shortcode-id-7d504a8b183db490875f32bda5bd5c12:not(.resize-by-browser-width) .dt-css-grid .double-width {\n  grid-column: span 2;\n}\n.cssgridlegacy.no-cssgrid .gallery-shortcode.gallery-masonry-shortcode-id-7d504a8b183db490875f32bda5bd5c12:not(.resize-by-browser-width) .dt-css-grid,\n.no-cssgridlegacy.no-cssgrid .gallery-shortcode.gallery-masonry-shortcode-id-7d504a8b183db490875f32bda5bd5c12:not(.resize-by-browser-width) .dt-css-grid {\n  display: flex;\n  flex-flow: row wrap;\n  margin: -5px;\n}\n.cssgridlegacy.no-cssgrid .gallery-shortcode.gallery-masonry-shortcode-id-7d504a8b183db490875f32bda5bd5c12:not(.resize-by-browser-width) .dt-css-grid .wf-cell,\n.no-cssgridlegacy.no-cssgrid .gallery-shortcode.gallery-masonry-shortcode-id-7d504a8b183db490875f32bda5bd5c12:not(.resize-by-browser-width) .dt-css-grid .wf-cell {\n  flex: 1 0 ;\n  max-width: 100%;\n  padding: 5px;\n  box-sizing: border-box;\n}\n.gallery-shortcode.gallery-masonry-shortcode-id-7d504a8b183db490875f32bda5bd5c12.resize-by-browser-width .dt-css-grid {\n  grid-template-columns: repeat(4,1fr);\n  grid-template-rows: auto;\n  grid-column-gap: 10px;\n  grid-row-gap: 10px;\n}\n.gallery-shortcode.gallery-masonry-shortcode-id-7d504a8b183db490875f32bda5bd5c12.resize-by-browser-width .dt-css-grid .double-width {\n  grid-column: span 2;\n}\n.cssgridlegacy.no-cssgrid .gallery-shortcode.gallery-masonry-shortcode-id-7d504a8b183db490875f32bda5bd5c12.resize-by-browser-width .dt-css-grid {\n  margin: -5px;\n}\n.cssgridlegacy.no-cssgrid .gallery-shortcode.gallery-masonry-shortcode-id-7d504a8b183db490875f32bda5bd5c12.resize-by-browser-width .dt-css-grid .wf-cell {\n  width: 25%;\n  padding: 5px;\n}\n.cssgridlegacy.no-cssgrid .gallery-shortcode.gallery-masonry-shortcode-id-7d504a8b183db490875f32bda5bd5c12.resize-by-browser-width .dt-css-grid .wf-cell.double-width {\n  width: calc(25%) * 2;\n}\n.gallery-shortcode.gallery-masonry-shortcode-id-7d504a8b183db490875f32bda5bd5c12.resize-by-browser-width:not(.centered-layout-list):not(.content-bg-on) .dt-css-grid {\n  grid-row-gap: 10px - ;\n}\n@media screen and (max-width: 1199px) {\n  .gallery-shortcode.gallery-masonry-shortcode-id-7d504a8b183db490875f32bda5bd5c12.resize-by-browser-width .dt-css-grid {\n    grid-template-columns: repeat(4,1fr);\n  }\n  .cssgridlegacy.no-cssgrid .gallery-shortcode.gallery-masonry-shortcode-id-7d504a8b183db490875f32bda5bd5c12.resize-by-browser-width .dt-css-grid .wf-cell,\n  .no-cssgridlegacy.no-cssgrid .gallery-shortcode.gallery-masonry-shortcode-id-7d504a8b183db490875f32bda5bd5c12.resize-by-browser-width .dt-css-grid .wf-cell {\n    width: 25%;\n  }\n  .cssgridlegacy.no-cssgrid .gallery-shortcode.gallery-masonry-shortcode-id-7d504a8b183db490875f32bda5bd5c12.resize-by-browser-width .dt-css-grid .wf-cell.double-width,\n  .no-cssgridlegacy.no-cssgrid .gallery-shortcode.gallery-masonry-shortcode-id-7d504a8b183db490875f32bda5bd5c12.resize-by-browser-width .dt-css-grid .wf-cell.double-width {\n    width: calc(25%)*2;\n  }\n}\n@media screen and (max-width: 991px) {\n  .gallery-shortcode.gallery-masonry-shortcode-id-7d504a8b183db490875f32bda5bd5c12.resize-by-browser-width .dt-css-grid {\n    grid-template-columns: repeat(4,1fr);\n  }\n  .cssgridlegacy.no-cssgrid .gallery-shortcode.gallery-masonry-shortcode-id-7d504a8b183db490875f32bda5bd5c12.resize-by-browser-width .dt-css-grid .wf-cell,\n  .no-cssgridlegacy.no-cssgrid .gallery-shortcode.gallery-masonry-shortcode-id-7d504a8b183db490875f32bda5bd5c12.resize-by-browser-width .dt-css-grid .wf-cell {\n    width: 25%;\n  }\n  .cssgridlegacy.no-cssgrid .gallery-shortcode.gallery-masonry-shortcode-id-7d504a8b183db490875f32bda5bd5c12.resize-by-browser-width .dt-css-grid .wf-cell.double-width,\n  .no-cssgridlegacy.no-cssgrid .gallery-shortcode.gallery-masonry-shortcode-id-7d504a8b183db490875f32bda5bd5c12.resize-by-browser-width .dt-css-grid .wf-cell.double-width {\n    width: calc(25%)*2;\n  }\n}\n@media screen and (max-width: 767px) {\n  .gallery-shortcode.gallery-masonry-shortcode-id-7d504a8b183db490875f32bda5bd5c12.resize-by-browser-width .dt-css-grid {\n    grid-template-columns: repeat(2,1fr);\n  }\n  .cssgridlegacy.no-cssgrid .gallery-shortcode.gallery-masonry-shortcode-id-7d504a8b183db490875f32bda5bd5c12.resize-by-browser-width .dt-css-grid .wf-cell,\n  .no-cssgridlegacy.no-cssgrid .gallery-shortcode.gallery-masonry-shortcode-id-7d504a8b183db490875f32bda5bd5c12.resize-by-browser-width .dt-css-grid .wf-cell {\n    width: 50%;\n  }\n  .cssgridlegacy.no-cssgrid .gallery-shortcode.gallery-masonry-shortcode-id-7d504a8b183db490875f32bda5bd5c12.resize-by-browser-width .dt-css-grid .wf-cell.double-width,\n  .no-cssgridlegacy.no-cssgrid .gallery-shortcode.gallery-masonry-shortcode-id-7d504a8b183db490875f32bda5bd5c12.resize-by-browser-width .dt-css-grid .wf-cell.double-width {\n    width: calc(50%)*2;\n  }\n}\n<\/style><div class=\"gallery-shortcode dt-gallery-container gallery-masonry-shortcode-id-7d504a8b183db490875f32bda5bd5c12 mode-grid jquery-filter dt-icon-bg-off quick-scale-img dt-css-grid-wrap enable-bg-rollover resize-by-browser-width  hover-fade loading-effect-none description-on-hover\" data-padding=\"5px\" data-cur-page=\"1\" data-post-limit=\"-1\" data-pagination-mode=\"none\" data-desktop-columns-num=\"4\" data-v-tablet-columns-num=\"4\" data-h-tablet-columns-num=\"4\" data-phone-columns-num=\"2\" data-width=\"0px\" data-columns=\"0\"><div class=\"dt-css-grid\" ><div class=\"wf-cell\" data-post-id=\"5865\" data-date=\"2020-10-30T12:57:05+01:00\" data-name=\"Ali an der Siebtr\u00e4germaschine Latte Art\"><figure class=\"post visible\"><a href=\"https:\/\/www.aromatico.de\/coffeeworld\/wp-content\/uploads\/2020\/10\/IMG_8973-2-scaled.jpg\" class=\"rollover dt-pswp-item layzr-bg\" data-large_image_width=\"2560\" data-large_image_height=\"1707\" data-dt-img-description=\"\" title=\"Ali an der Siebtr\u00e4germaschine Latte Art\"><img fetchpriority=\"high\" decoding=\"async\" class=\"preload-me iso-lazy-load aspect\" src=\"data:image\/svg+xml,%3Csvg%20xmlns%3D&#39;http%3A%2F%2Fwww.w3.org%2F2000%2Fsvg&#39;%20viewBox%3D&#39;0%200%20379%20379&#39;%2F%3E\" data-src=\"https:\/\/www.aromatico.de\/coffeeworld\/wp-content\/uploads\/2020\/10\/IMG_8973-2-scaled-379x379.jpg\" data-srcset=\"https:\/\/www.aromatico.de\/coffeeworld\/wp-content\/uploads\/2020\/10\/IMG_8973-2-scaled-379x379.jpg 379w, https:\/\/www.aromatico.de\/coffeeworld\/wp-content\/uploads\/2020\/10\/IMG_8973-2-scaled-569x569.jpg 569w\" loading=\"eager\" style=\"--ratio: 379 \/ 379\" sizes=\"(max-width: 379px) 100vw, 379px\" alt=\"Latte Art\" width=\"379\" height=\"379\"  \/><span class=\"gallery-rollover\"><span class=\"gallery-zoom-ico icomoon-the7-font-the7-zoom-06\"><span><\/span><\/span><\/span><\/a><\/figure><\/div><div class=\"wf-cell\" data-post-id=\"5866\" data-date=\"2020-10-30T12:57:23+01:00\" data-name=\"Ali an der Siebtr\u00e4germaschine Latte Art\"><figure class=\"post visible\"><a href=\"https:\/\/www.aromatico.de\/coffeeworld\/wp-content\/uploads\/2020\/10\/IMG_8978-2-scaled.jpg\" class=\"rollover dt-pswp-item layzr-bg\" data-large_image_width=\"2560\" data-large_image_height=\"1707\" data-dt-img-description=\"\" title=\"Ali an der Siebtr\u00e4germaschine Latte Art\"><img decoding=\"async\" class=\"preload-me iso-lazy-load aspect\" src=\"data:image\/svg+xml,%3Csvg%20xmlns%3D&#39;http%3A%2F%2Fwww.w3.org%2F2000%2Fsvg&#39;%20viewBox%3D&#39;0%200%20379%20379&#39;%2F%3E\" data-src=\"https:\/\/www.aromatico.de\/coffeeworld\/wp-content\/uploads\/2020\/10\/IMG_8978-2-scaled-379x379.jpg\" data-srcset=\"https:\/\/www.aromatico.de\/coffeeworld\/wp-content\/uploads\/2020\/10\/IMG_8978-2-scaled-379x379.jpg 379w, https:\/\/www.aromatico.de\/coffeeworld\/wp-content\/uploads\/2020\/10\/IMG_8978-2-scaled-569x569.jpg 569w\" loading=\"eager\" style=\"--ratio: 379 \/ 379\" sizes=\"(max-width: 379px) 100vw, 379px\" alt=\"Latte Art\" width=\"379\" height=\"379\"  \/><span class=\"gallery-rollover\"><span class=\"gallery-zoom-ico icomoon-the7-font-the7-zoom-06\"><span><\/span><\/span><\/span><\/a><\/figure><\/div><div class=\"wf-cell\" data-post-id=\"5867\" data-date=\"2020-10-30T12:57:39+01:00\" data-name=\"Ali an der Siebtr\u00e4germaschine Latte Art\"><figure class=\"post visible\"><a href=\"https:\/\/www.aromatico.de\/coffeeworld\/wp-content\/uploads\/2020\/10\/IMG_8981-2-scaled.jpg\" class=\"rollover dt-pswp-item layzr-bg\" data-large_image_width=\"2560\" data-large_image_height=\"1707\" data-dt-img-description=\"\" title=\"Ali an der Siebtr\u00e4germaschine Latte Art\"><img decoding=\"async\" class=\"preload-me iso-lazy-load aspect\" src=\"data:image\/svg+xml,%3Csvg%20xmlns%3D&#39;http%3A%2F%2Fwww.w3.org%2F2000%2Fsvg&#39;%20viewBox%3D&#39;0%200%20379%20379&#39;%2F%3E\" data-src=\"https:\/\/www.aromatico.de\/coffeeworld\/wp-content\/uploads\/2020\/10\/IMG_8981-2-scaled-379x379.jpg\" data-srcset=\"https:\/\/www.aromatico.de\/coffeeworld\/wp-content\/uploads\/2020\/10\/IMG_8981-2-scaled-379x379.jpg 379w, https:\/\/www.aromatico.de\/coffeeworld\/wp-content\/uploads\/2020\/10\/IMG_8981-2-scaled-569x569.jpg 569w\" loading=\"eager\" style=\"--ratio: 379 \/ 379\" sizes=\"(max-width: 379px) 100vw, 379px\" alt=\"Latte Art\" width=\"379\" height=\"379\"  \/><span class=\"gallery-rollover\"><span class=\"gallery-zoom-ico icomoon-the7-font-the7-zoom-06\"><span><\/span><\/span><\/span><\/a><\/figure><\/div><div class=\"wf-cell\" data-post-id=\"5868\" data-date=\"2020-10-30T12:57:57+01:00\" data-name=\"Ali in Action - Latte Art\"><figure class=\"post visible\"><a href=\"https:\/\/www.aromatico.de\/coffeeworld\/wp-content\/uploads\/2020\/10\/IMG_8984-2-scaled.jpg\" class=\"rollover dt-pswp-item layzr-bg\" data-large_image_width=\"2560\" data-large_image_height=\"1707\" data-dt-img-description=\"\" title=\"Ali in Action &#8211; Latte Art\"><img decoding=\"async\" class=\"preload-me iso-lazy-load aspect\" src=\"data:image\/svg+xml,%3Csvg%20xmlns%3D&#39;http%3A%2F%2Fwww.w3.org%2F2000%2Fsvg&#39;%20viewBox%3D&#39;0%200%20379%20379&#39;%2F%3E\" data-src=\"https:\/\/www.aromatico.de\/coffeeworld\/wp-content\/uploads\/2020\/10\/IMG_8984-2-scaled-379x379.jpg\" data-srcset=\"https:\/\/www.aromatico.de\/coffeeworld\/wp-content\/uploads\/2020\/10\/IMG_8984-2-scaled-379x379.jpg 379w, https:\/\/www.aromatico.de\/coffeeworld\/wp-content\/uploads\/2020\/10\/IMG_8984-2-scaled-569x569.jpg 569w\" loading=\"eager\" style=\"--ratio: 379 \/ 379\" sizes=\"(max-width: 379px) 100vw, 379px\" alt=\"Latte Art\" width=\"379\" height=\"379\"  \/><span class=\"gallery-rollover\"><span class=\"gallery-zoom-ico icomoon-the7-font-the7-zoom-06\"><span><\/span><\/span><\/span><\/a><\/figure><\/div><\/div><!-- iso-container|iso-grid --><\/div>[\/vc_column][\/vc_row][vc_row][vc_column][vc_column_text]Hierzulande ist der Barista also nicht mehr der italienische Barkeeper, sondern der moderne Experte f\u00fcr die Zubereitung k\u00f6stlicher\u00a0<a href=\"https:\/\/www.aromatico.de\/coffeeworld\/coffee\/top-10-kaffeespezialitaten-und-vielfaltiger-genuss\" target=\"_blank\" rel=\"noreferrer noopener\">Kaffeespezialit\u00e4ten<\/a>. Eine echte Ausbildung ben\u00f6tigt er nicht. Das grunds\u00e4tzliche Handwerk wie das Aufbr\u00fchen von gutem Espresso und das\u00a0<a href=\"https:\/\/www.aromatico.de\/coffeeworld\/coffee\/milchschaum-ohne-milch-kein-cappuccino\" target=\"_blank\" rel=\"noreferrer noopener\">Milchaufsch\u00e4umen<\/a>\u00a0f\u00fcr authentischen Cappuccino lernen Baristas meist in einem Crashkurs vor dem Antreten des ersten Jobs. Mittlerweile gibt es auch l\u00e4ngere Ausbildungsprogramme, bei denen sich angehende Kaffee-Experten theoretisches Wissen aneignen. Dazu geh\u00f6ren Kenntnisse \u00fcber<\/p>\n<ul>\n<li>die Geschichte des Kaffees<\/li>\n<li><a href=\"https:\/\/www.aromatico.de\/coffeeworld\/coffee\/die-top-10-kaffeeanbaugebiete-weltweit\" target=\"_blank\" rel=\"noreferrer noopener\">Anbaugebiete<\/a>\u00a0weltweit und ihre Unterschiede<\/li>\n<li>verschiedene Kaffeesorten<\/li>\n<li>die Kunst der richtigen R\u00f6stung<\/li>\n<li>den Umgang mit verschiedenen Maschinentypen<\/li>\n<li>unterschiedliche Mahlgrade<\/li>\n<li>Sensorik (den Kaffee mit allen Sinnen erfassen)<\/li>\n<li>Latte Art<\/li>\n<\/ul>\n<p>Kaffeeliebhaber, die das Hobby zum Beruf machen m\u00f6chten, finden auf der Seite der\u00a0<a href=\"http:\/\/www.scagermany.coffee\/\" target=\"_blank\" rel=\"noreferrer noopener nofollow\">Speciality Coffee Association Germany<\/a>\u00a0entsprechende Adressen, um das Handwerk des Barista zu erlenen. Dabei handelt es sich um die deutsche Zweigstelle des globalen Verbandes. Dieser veranstaltet zahlreiche Wettbewerbe, darunter die j\u00e4hrliche\u00a0<a href=\"https:\/\/www.aromatico.de\/coffeeworld\/coffee\/world-barista-championship-bester-barista-der-welt\" target=\"_blank\" rel=\"noreferrer noopener\">Weltmeisterschaft,<\/a>\u00a0bei der ambitionierte Baristas aus aller Welt um die Krone der Kaffeekunst wetteifern.<\/p>\n<p>Wer einfach nur ein bisschen Fachwissen als Barista erwerben m\u00f6chte, um die Lieben zu Hause mit k\u00f6stlichen Kaffeespezialit\u00e4ten zu beeindrucken, bucht einen eint\u00e4gigen Schnupperkurs oder Workshop.[\/vc_column_text][\/vc_column][\/vc_row][vc_row][vc_column][vc_custom_heading text=&#8220;WAS BRAUCHE ICH ALS BARISTA F\u00dcR ZU HAUSE?&#8220; use_theme_fonts=&#8220;yes&#8220;][\/vc_column][\/vc_row][vc_row][vc_column][vc_column_text]Nur mit der richtigen Ausstattung gelingt die Kaffeekunst in den eigenen vier W\u00e4nden. Die wichtigsten Accessoires sind:<\/p>\n<ul>\n<li>ein\u00a0<a href=\"https:\/\/www.aromatico.de\/zubehoer\/espresso-und-kaffeemaschinen\/kaffeevollautomat\/\" target=\"_blank\" rel=\"noreferrer noopener\">Kaffeevollautomat\u00a0<\/a>oder eine Siebtr\u00e4germaschine mit Milchaufsch\u00e4umer<\/li>\n<li>Edelstahlk\u00e4nnchen\u00a0zum Milchaufsch\u00e4umen<\/li>\n<li>Schablonen f\u00fcr\u00a0Latte Art<\/li>\n<li>mehrere Kaffeesorten in unterschiedlichen R\u00f6stungen<\/li>\n<li><a href=\"https:\/\/www.aromatico.de\/delikatessen\/milch-und-milchalternativen\/\" target=\"_blank\" rel=\"noreferrer noopener\">Milch<\/a><\/li>\n<li>Kakao- und Zimtpulver zum Bestreuen<\/li>\n<li>Sirup f\u00fcr spezielle Geschmackskreationen<\/li>\n<li>Tassen, Gl\u00e4ser und L\u00f6ffel<\/li>\n<\/ul>\n<p>[\/vc_column_text][\/vc_column][\/vc_row][vc_row][vc_column width=&#8220;1\/3&#8243;][ahs_product_img_url id=&#8220;103239&#8243;][\/vc_column][vc_column width=&#8220;2\/3&#8243;][vc_column_text]<\/p>\n<p>Wer sich als Barista zuhause voll ausleben m\u00f6chten, dem empfehlen wir eine Zweikreiser Siebtr\u00e4germaschine. Hier lassen sich Milchschaum und Espresso im Gegensatz zu einer Einkreiser-Maschine parallel herstellen<\/p>\n<p>Ambitionierte Baristas, die ihr Hobby ernst nehmen, informieren sich \u00fcber die am besten geeigneten Kaffeebohnen und R\u00f6stungen f\u00fcr verschiedene Kaffees . F\u00fcr einen guten Espresso ist zum Beispiel ein h\u00f6herer Anteil an Robusta-Bohnen sinnvoll, da diese f\u00fcr die perfekte Crema sorgen. Fortgeschrittene Kaffeekenner bieten regionale Spezialit\u00e4ten an: Marken wie Kimbo und\u00a0<a href=\"https:\/\/www.aromatico.de\/roesterei\/passalacqua\/\" target=\"_blank\" rel=\"noreferrer noopener\">Passalacqua<\/a>\u00a0stehen zum Beispiel f\u00fcr die legend\u00e4re Kaffeekultur Neapels, w\u00e4hrend\u00a0<a href=\"https:\/\/www.aromatico.de\/roesterei\/bonomi\/\" target=\"_blank\" rel=\"noreferrer noopener\">Bonomi<\/a>\u00a0die Geburtsst\u00e4tte des modernen Espresso vertritt, das norditalienische Mailand.<\/p>\n<p>[\/vc_column_text][\/vc_column][\/vc_row][vc_row][vc_column][vc_custom_heading text=&#8220;WELCHE MILCH EIGNET SICH GUT?&#8220; use_theme_fonts=&#8220;yes&#8220;][\/vc_column][\/vc_row][vc_row][vc_column][vc_column_text]Milch spielt bei der Zubereitung von Kaffeespezialit\u00e4ten eine fast genauso wichtige Rolle wie die Wahl der richtigen Coffee Beans. Schlie\u00dflich soll auch der Milchschaum den eigenen Anspr\u00fcchen (und denen der G\u00e4ste) gen\u00fcgen. Eins f\u00fcr Kalorienz\u00e4hler vorweg: Am besten geeignet ist\u00a0<a href=\"https:\/\/www.aromatico.de\/delikatessen\/milch-und-milchalternativen\/\" target=\"_blank\" rel=\"noreferrer noopener\">Milch<\/a>\u00a0mit hohem Fettanteil, denn damit gelingt ein herrlich cremiger, stabiler Schaum, der f\u00fcr Latte Art unverzichtbar ist. Geschmacklich k\u00f6nnen fettarme oder gar fettfreie Milch da nicht mithalten.<\/p>\n<p>Es muss dabei nicht immer Kuhmilch sein., denn es gibt auch immer mehr Pflanzendrinks die sich zum aufsch\u00e4umen eignen. Dazu z\u00e4hlt z.B. der\u00a0<a href=\"\/Oatly\/Haferdrink-Barista-Edition\/103767\/\" target=\"_blank\" rel=\"noreferrer noopener\">Oatly Barista Haferdrink.<\/a>\u00a0Um das Ergebnis beim aufsch\u00e4umen zu verbessern, wird dem Pflanzendrink etwas Sonnenblumen\u00f6l beigemischt. Daher empfehlen wir, den Drink vor dem Verwenden gut zu sch\u00fctteln. Auch andere Pflanzendrinks haben wir einem veganen Cappuccino Test unterzogen, wie diese abschnitten kann\u00a0<a href=\"https:\/\/www.aromatico.de\/coffeeworld\/coffee\/vegan-ernaehren-pflanzendrinks-im-cappuccino-test\" target=\"_blank\" rel=\"noreferrer noopener\">hier<\/a>\u00a0nachgelesen werden.[\/vc_column_text][\/vc_column][\/vc_row][vc_row][vc_column]\n\t\t\t<!-- START Siebtr\u00e4germaschinen REVOLUTION SLIDER 6.6.18 --><p class=\"rs-p-wp-fix\"><\/p>\n\t\t\t<rs-module-wrap id=\"rev_slider_9_1_wrapper\" data-source=\"gallery\" style=\"visibility:hidden;background:transparent;padding:0;margin:0px auto;margin-top:10px;margin-bottom:20px;\">\n\t\t\t\t<rs-module id=\"rev_slider_9_1\" style=\"\" data-version=\"6.6.18\">\n\t\t\t\t\t<rs-slides style=\"overflow: hidden; position: absolute;\">\n\t\t\t\t\t\t<rs-slide style=\"position: absolute;\" data-key=\"rs-9\" data-title=\"Slide\" data-anim=\"adpr:false;\" data-in=\"o:0;\" data-out=\"a:false;\">\n\t\t\t\t\t\t\t<img decoding=\"async\" src=\"\/\/www.aromatico.de\/coffeeworld\/wp-content\/plugins\/revslider\/public\/assets\/assets\/dummy.png\" alt=\"Slide\" title=\"Kreativ mit Kaffee: Der Barista eine Berufung\" class=\"rev-slidebg tp-rs-img rs-lazyload\" data-lazyload=\"\/\/www.aromatico.de\/coffeeworld\/wp-content\/plugins\/revslider\/public\/assets\/assets\/transparent.png\" data-no-retina>\n<!--\n\t\t\t\t\t\t\t--><rs-layer\n\t\t\t\t\t\t\t\tid=\"slider-9-slide-9-layer-0\" \n\t\t\t\t\t\t\t\tdata-type=\"image\"\n\t\t\t\t\t\t\t\tdata-rsp_ch=\"on\"\n\t\t\t\t\t\t\t\tdata-xy=\"x:l,c,c,c;y:m;\"\n\t\t\t\t\t\t\t\tdata-text=\"w:normal;s:20,20,16,9;l:0,0,21,12;\"\n\t\t\t\t\t\t\t\tdata-dim=\"w:920px,924px,780px,915px;h:271px,273px,230px,270px;\"\n\t\t\t\t\t\t\t\tdata-frame_999=\"o:0;st:w;\"\n\t\t\t\t\t\t\t\tstyle=\"z-index:8;\"\n\t\t\t\t\t\t\t><img decoding=\"async\" src=\"\/\/www.aromatico.de\/coffeeworld\/wp-content\/plugins\/revslider\/public\/assets\/assets\/dummy.png\" alt=\"\" class=\"tp-rs-img rs-lazyload\" width=\"2560\" height=\"755\" data-lazyload=\"\/\/www.aromatico.de\/coffeeworld\/wp-content\/uploads\/revslider\/slider-2\/DSC_0192-copy-scaled-e1617280370752.jpg\" data-no-retina> \n\t\t\t\t\t\t\t<\/rs-layer><!--\n\n\t\t\t\t\t\t\t--><rs-layer\n\t\t\t\t\t\t\t\tid=\"slider-9-slide-9-layer-1\" \n\t\t\t\t\t\t\t\tdata-type=\"shape\"\n\t\t\t\t\t\t\t\tdata-rsp_ch=\"on\"\n\t\t\t\t\t\t\t\tdata-xy=\"xo:0,0,0,-2px;y:m;yo:0,-2px,0,-1px;\"\n\t\t\t\t\t\t\t\tdata-text=\"w:normal;s:20,20,16,9;l:0,0,21,12;\"\n\t\t\t\t\t\t\t\tdata-dim=\"w:389px,392px,331px,484px;h:271px,304px,231px,344px;\"\n\t\t\t\t\t\t\t\tdata-frame_999=\"o:0;st:w;\"\n\t\t\t\t\t\t\t\tstyle=\"z-index:9;background-color:rgba(0,0,0,0.5);\"\n\t\t\t\t\t\t\t> \n\t\t\t\t\t\t\t<\/rs-layer><!--\n\n\t\t\t\t\t\t\t--><rs-layer\n\t\t\t\t\t\t\t\tid=\"slider-9-slide-9-layer-4\" \n\t\t\t\t\t\t\t\tdata-type=\"image\"\n\t\t\t\t\t\t\t\tdata-rsp_ch=\"on\"\n\t\t\t\t\t\t\t\tdata-xy=\"xo:59px;yo:61px;\"\n\t\t\t\t\t\t\t\tdata-text=\"w:normal;s:20,20,16,9;l:0,0,21,12;\"\n\t\t\t\t\t\t\t\tdata-dim=\"w:['92px','92px','92px','92px'];h:['26px','26px','26px','26px'];\"\n\t\t\t\t\t\t\t\tdata-frame_999=\"o:0;st:w;\"\n\t\t\t\t\t\t\t\tstyle=\"z-index:10;\"\n\t\t\t\t\t\t\t><img decoding=\"async\" src=\"\/\/www.aromatico.de\/coffeeworld\/wp-content\/plugins\/revslider\/public\/assets\/assets\/dummy.png\" alt=\"\" class=\"tp-rs-img rs-lazyload\" width=\"88\" height=\"25\" data-lazyload=\"\/\/www.aromatico.de\/coffeeworld\/wp-content\/uploads\/revslider\/slider-2\/Pfad-81.png\" data-no-retina> \n\t\t\t\t\t\t\t<\/rs-layer><!--\n\n\t\t\t\t\t\t\t--><rs-layer\n\t\t\t\t\t\t\t\tid=\"slider-9-slide-9-layer-5\" \n\t\t\t\t\t\t\t\tdata-type=\"text\"\n\t\t\t\t\t\t\t\tdata-rsp_ch=\"on\"\n\t\t\t\t\t\t\t\tdata-xy=\"xo:60px;yo:121px;\"\n\t\t\t\t\t\t\t\tdata-text=\"w:normal;s:18,18,18,18;l:23,23,20,23;fw:600,400,400,400;\"\n\t\t\t\t\t\t\t\tdata-dim=\"w:244,244px,244px,244px;\"\n\t\t\t\t\t\t\t\tdata-frame_999=\"o:0;st:w;\"\n\t\t\t\t\t\t\t\tstyle=\"z-index:11;font-family:'Arial', 'Helvetica', 'sans-serif';\"\n\t\t\t\t\t\t\t>DIE WELT DER <br \/>\nSIEBTR\u00c4GERMASCHIENEN \n\t\t\t\t\t\t\t<\/rs-layer><!--\n\n\t\t\t\t\t\t\t--><a\n\t\t\t\t\t\t\t\tid=\"slider-9-slide-9-layer-9\" \n\t\t\t\t\t\t\t\tclass=\"rs-layer rev-btn\"\n\t\t\t\t\t\t\t\thref=\"https:\/\/www.aromatico.de\/zubehoer\/espresso-und-kaffeemaschinen\/siebtraegermaschine\/\" target=\"_self\"\n\t\t\t\t\t\t\t\tdata-type=\"button\"\n\t\t\t\t\t\t\t\tdata-xy=\"xo:60px;yo:200px,210px,185px,210px;\"\n\t\t\t\t\t\t\t\tdata-text=\"w:normal;s:13,12,12,13;l:32,32,25,32;fw:700,500,500,500;a:center;\"\n\t\t\t\t\t\t\t\tdata-dim=\"w:222,222,183,222px;minh:0,none,none,none;\"\n\t\t\t\t\t\t\t\tdata-padding=\"r:28,28,22,14;l:28,28,22,14;\"\n\t\t\t\t\t\t\t\tdata-border=\"bor:5px,5px,5px,5px;\"\n\t\t\t\t\t\t\t\tdata-frame_999=\"o:0;st:w;\"\n\t\t\t\t\t\t\t\tdata-frame_hover=\"bgc:#bf1718;bor:5px,5px,5px,5px;sp:100;e:power1.inOut;bri:120%;blu:0px;\"\n\t\t\t\t\t\t\t\tstyle=\"z-index:12;background-color:#bf1718;font-family:'Arial', 'Helvetica', 'sans-serif';\"\n\t\t\t\t\t\t\t>PRODUKTE ENTECKEN \n\t\t\t\t\t\t\t<\/a><!--\n-->\t\t\t\t\t\t<\/rs-slide>\n\t\t\t\t\t<\/rs-slides>\n\t\t\t\t<\/rs-module>\n\t\t\t\t<script>\n\t\t\t\t\tsetREVStartSize({c: 'rev_slider_9_1',rl:[1240,1024,778,480],el:[271,271,230,271],gw:[920,920,778,480],gh:[271,271,230,271],type:'standard',justify:'',layout:'fullwidth',mh:\"0\"});if (window.RS_MODULES!==undefined && window.RS_MODULES.modules!==undefined && window.RS_MODULES.modules[\"revslider91\"]!==undefined) {window.RS_MODULES.modules[\"revslider91\"].once = false;window.revapi9 = undefined;if (window.RS_MODULES.checkMinimal!==undefined) window.RS_MODULES.checkMinimal()}\n\t\t\t\t<\/script>\n\t\t\t<\/rs-module-wrap>\n\t\t\t<!-- END REVOLUTION SLIDER -->\n[\/vc_column][\/vc_row][vc_row][vc_column][vc_custom_heading text=&#8220;KAFFEEVOLLAUTOMAT ODER SIEBTR\u00c4GERMASCHINE?&#8220; use_theme_fonts=&#8220;yes&#8220;][\/vc_column][\/vc_row][vc_row][vc_column][vc_column_text]<\/p>\n<p>Der\u00a0<a href=\"https:\/\/www.aromatico.de\/zubehoer\/espresso-und-kaffeemaschinen\/kaffeevollautomat\/\" target=\"_blank\" rel=\"noreferrer noopener\">Kaffeevollautomat<\/a>\u00a0ist die g\u00fcnstigere Wahl und bereitet alle heute g\u00e4ngigen Kaffeespezialit\u00e4ten auf Knopfdruck zu. Empfehlenswert sind Modelle mit integriertem Mahlwerk, die f\u00fcr jeden Kaffee frische aromatische Bohnen mahlen. Allerdings sind bei der modernen Coffee Machine einige Punkte zu beachten:<\/p>\n<ul>\n<li>Selbst ein \u201eselbstreinigender\u201c Kaffeevollautomat muss regelm\u00e4\u00dfig gr\u00fcndlich gereinigt werden. Gerade die Milchd\u00fcse verstopft schnell, wenn sie nicht t\u00e4glich nach dem Milchaufsch\u00e4umen ges\u00e4ubert wird. Ein Kaffeevollautomat ist also entsprechend zeitaufwendig.<\/li>\n<li>Wer gerne G\u00e4ste bewirtet, der sollte darauf achten, dass mindestens zwei Tassen Kaffee gleichzeitig gebr\u00fcht werden k\u00f6nnen. Sonst ist der Kaffee des ersten Gastes schon kalt, bis der letzte sein Getr\u00e4nk erh\u00e4lt.<\/li>\n<li>Empfehlenswert sind Ger\u00e4te, bei denen verschiedene Mahlgrade eingestellt werden k\u00f6nnen. Dies erlaubt eine feinere Abstimmung auf das jeweilige Getr\u00e4nk und den pers\u00f6nlichen Geschmack.<\/li>\n<li>Praktisch sind Speichertasten, mit denen bestimmte Einstellungen dauerhaft gespeichert werden. So erhalten die Haushaltsmitglieder und die am h\u00e4ufigsten vorbeischauenden G\u00e4ste jedes Mal auf Knopfdruck ihren perfekten Wunschkaffee.<\/li>\n<\/ul>\n<p>[\/vc_column_text][\/vc_column][\/vc_row][vc_row][vc_column width=&#8220;2\/3&#8243;][vc_column_text]<\/p>\n<p>Die klassische\u00a0<a href=\"https:\/\/www.aromatico.de\/zubehoer\/espresso-und-kaffeemaschinen\/siebtraegermaschine\/\" target=\"_blank\" rel=\"noreferrer noopener\">Siebtr\u00e4germaschine<\/a>, deren Erfindung einst den Siegeszug des Espresso erm\u00f6glichte, ist teurer als ein Kaffeevollautomat. F\u00fcr einen Barista, der etwas auf sich h\u00e4lt, f\u00fchrt jedoch kein Weg daran vorbei. Einerseits l\u00e4sst sich die Siebtr\u00e4germaschine noch weit feiner justieren, um einen\u00a0<a href=\"https:\/\/www.aromatico.de\/espresso\/\" target=\"_blank\" rel=\"noreferrer noopener\">Espresso<\/a>\u00a0ganz nach dem eigenen Geschmack aufzubr\u00fchen. Andererseits gelingt es nur ihr, dieses einzigartige Aroma zu verbreiten, bei dem sich Kaffeeliebhaber sofort in eine\u00a0<a href=\"https:\/\/www.aromatico.de\/coffeeworld\/coffee\/sizilien-sonne-meer-und-espresso\" target=\"_blank\" rel=\"noreferrer noopener\">italienische Kaffeebar<\/a>\u00a0versetzt f\u00fchlt.<\/p>\n<p>[\/vc_column_text][\/vc_column][vc_column width=&#8220;1\/3&#8243;][vc_single_image image=&#8220;5870&#8243; img_size=&#8220;large&#8220;][\/vc_column][\/vc_row][vc_row][vc_column][vc_custom_heading text=&#8220;DER BARISTA ALS EXPERTE F\u00dcR KAFFEEGENUSS&#8220; use_theme_fonts=&#8220;yes&#8220;][\/vc_column][\/vc_row][vc_row][vc_column][vc_column_text]<\/p>\n<p>Echte Kaffeeliebhaber lassen sich zum Barista schulen, um G\u00e4ste mit k\u00f6stlichen Spezialit\u00e4ten zu bewirten.<\/p>\n<ul>\n<li>Eine spezielle Barista-Ausbildung gibt es (noch) nicht. Wer beruflich als Barista t\u00e4tig sein will, kann mehrw\u00f6chigen Schulungen folgen.<\/li>\n<li>F\u00fcr Hobby-Baristas werden kurze Workshops und Schnupperkurse angeboten.<\/li>\n<li>Ein Barista kennt sich in der gesamten Materie gut aus: von den besten Anbaugebieten \u00fcber die verschiedenen Mahlgrade bis zur Reinigung der Kaffeevollautomaten.<\/li>\n<li>Baristas greifen nicht nur zur richtigen Kaffeesorte f\u00fcr jede Kaffeespezialit\u00e4t, sondern wissen auch bei der Milch Bescheid.<\/li>\n<\/ul>\n<p>[\/vc_column_text][\/vc_column][\/vc_row][vc_row][vc_column][vc_custom_heading text=&#8220;BARISTA FAQ&#8220; use_theme_fonts=&#8220;yes&#8220;][\/vc_column][\/vc_row][vc_row][vc_column][vc_toggle title=&#8220;Woher kommt das Wort Barista?&#8220;]<\/p>\n<p>Das Wort Barista kommt aus dem italienischen und bedeutet nichts anderes als Barkeeper. Im deutschen verbindet man das Wort Barista mit Kaffee-Experten, also Personen, die sich mit der Herkunft, dem Anbau, aber auch mit der Zubereitung von Kaffee gut auskennen.<\/p>\n<p>[\/vc_toggle][\/vc_column][\/vc_row][vc_row][vc_column][vc_toggle title=&#8220;Ist Barista ein Beruf?&#8220;]<\/p>\n<p>Auch wenn die Bezeichnung Barista als solche nicht gesch\u00fctzt ist, kann der Barista als eigene Berufsgruppe angesehen werden. Um selbst Barista zu werden, kann man an einer Schulung teilnehmen. Es gibt inzwischen aber auch l\u00e4ngere Ausbildungsprogramme.<\/p>\n<p>[\/vc_toggle][\/vc_column][\/vc_row][vc_row][vc_column][vc_toggle title=&#8220;Was macht ein Barista?&#8220;]<\/p>\n<p>Barista sind Personen, die in Caf\u00e9s f\u00fcr die professionelle Zubereitung von Kaffee zust\u00e4ndig sind, sie geben aber auch Schulungen rund um das Thema Kaffee.<\/p>\n<p>[\/vc_toggle][\/vc_column][\/vc_row][vc_row][vc_column][vc_column_text]<\/p>\n<p><em>Beitragsbild: \u00a9 iStockphoto: Eva-Katalin<\/em><\/p>\n<p>[\/vc_column_text][\/vc_column][\/vc_row]<\/p>\n<\/div>","protected":false},"excerpt":{"rendered":"<p>[vc_row][vc_column][vc_column_text] Einfach Filterkaffee br\u00fchen war gestern. Die moderne Kaffeekultur h\u00e4lt vielf\u00e4ltige Gen\u00fcsse vom kr\u00e4ftigen schwarzen Espresso bis zum cremig-s\u00fc\u00dfen Latte macchiato bereit. F\u00fcr die Erf\u00fcllung der Kundenerwartungen ist in modernen Coffee-Shops der Barista zust\u00e4ndig. Er ist ein wahrer Meister der Kaffeezubereitung und wei\u00df genau, wie er die perfekte Crema zaubert und den Cappuccino mit Milchschauen&hellip;<\/p>\n","protected":false},"author":3,"featured_media":3161,"comment_status":"open","ping_status":"open","sticky":false,"template":"","format":"standard","meta":{"wprm-recipe-roundup-name":"","wprm-recipe-roundup-description":"","footnotes":""},"categories":[1,4],"tags":[113,213,77,92,72],"yoast_head":"<!-- This site is optimized with the Yoast SEO Premium plugin v21.6 (Yoast SEO v21.6) - https:\/\/yoast.com\/wordpress\/plugins\/seo\/ -->\n<title>Kreativ mit Kaffee: der Barista \u2013 Aromatico Coffee World<\/title>\n<meta name=\"description\" content=\"K\u00f6stliche Crema? Perfekt gesch\u00e4umter Cappuccino? F\u00fcr einen guten Barista ein Kinderspiel. Hier mehr \u00fcber diesen noch jungen Beruf lesen!\" \/>\n<meta name=\"robots\" content=\"index, follow, max-snippet:-1, max-image-preview:large, max-video-preview:-1\" \/>\n<link rel=\"canonical\" href=\"https:\/\/www.aromatico.de\/coffeeworld\/coffee\/kreativ-mit-kaffee-der-barista\/\" \/>\n<meta property=\"og:locale\" content=\"de_DE\" \/>\n<meta property=\"og:type\" content=\"article\" \/>\n<meta property=\"og:title\" content=\"Kreativ mit Kaffee: Der Barista eine Berufung\" \/>\n<meta property=\"og:description\" content=\"K\u00f6stliche Crema? Perfekt gesch\u00e4umter Cappuccino? F\u00fcr einen guten Barista ein Kinderspiel. Hier mehr \u00fcber diesen noch jungen Beruf lesen!\" \/>\n<meta property=\"og:url\" content=\"https:\/\/www.aromatico.de\/coffeeworld\/coffee\/kreativ-mit-kaffee-der-barista\/\" \/>\n<meta property=\"og:site_name\" content=\"Aromatico Coffee World Magazin\" \/>\n<meta property=\"article:publisher\" content=\"https:\/\/www.facebook.com\/aromatico.de\/\" \/>\n<meta property=\"article:published_time\" content=\"2018-11-07T11:27:35+00:00\" \/>\n<meta property=\"article:modified_time\" content=\"2022-11-25T12:50:25+00:00\" \/>\n<meta property=\"og:image\" content=\"https:\/\/www.aromatico.de\/coffeeworld\/wp-content\/uploads\/2018\/11\/young-barista-is-making-a-coffee-picture-id484380310.jpg\" \/>\n\t<meta property=\"og:image:width\" content=\"1200\" \/>\n\t<meta property=\"og:image:height\" content=\"800\" \/>\n\t<meta property=\"og:image:type\" content=\"image\/jpeg\" \/>\n<meta name=\"author\" content=\"Carola\" \/>\n<meta name=\"twitter:card\" content=\"summary_large_image\" \/>\n<meta name=\"twitter:label1\" content=\"Verfasst von\" \/>\n\t<meta name=\"twitter:data1\" content=\"Carola\" \/>\n\t<meta name=\"twitter:label2\" content=\"Gesch\u00e4tzte Lesezeit\" \/>\n\t<meta name=\"twitter:data2\" content=\"7 Minuten\" \/>\n<script type=\"application\/ld+json\" class=\"yoast-schema-graph\">{\"@context\":\"https:\/\/schema.org\",\"@graph\":[{\"@type\":\"Article\",\"@id\":\"https:\/\/www.aromatico.de\/coffeeworld\/coffee\/kreativ-mit-kaffee-der-barista\/#article\",\"isPartOf\":{\"@id\":\"https:\/\/www.aromatico.de\/coffeeworld\/coffee\/kreativ-mit-kaffee-der-barista\/\"},\"author\":{\"name\":\"Carola\",\"@id\":\"https:\/\/www.aromatico.de\/coffeeworld\/#\/schema\/person\/68e3ca4e323f03099f97392ee063115f\"},\"headline\":\"Kreativ mit Kaffee: Der Barista eine Berufung\",\"datePublished\":\"2018-11-07T11:27:35+00:00\",\"dateModified\":\"2022-11-25T12:50:25+00:00\",\"mainEntityOfPage\":{\"@id\":\"https:\/\/www.aromatico.de\/coffeeworld\/coffee\/kreativ-mit-kaffee-der-barista\/\"},\"wordCount\":1546,\"commentCount\":1,\"publisher\":{\"@id\":\"https:\/\/www.aromatico.de\/coffeeworld\/#organization\"},\"keywords\":[\"Barista\",\"Beruf\",\"Espresso\",\"Italien\",\"Kaffee\"],\"articleSection\":[\"Coffee\",\"LifeStyle\"],\"inLanguage\":\"de-DE\",\"potentialAction\":[{\"@type\":\"CommentAction\",\"name\":\"Comment\",\"target\":[\"https:\/\/www.aromatico.de\/coffeeworld\/coffee\/kreativ-mit-kaffee-der-barista\/#respond\"]}]},{\"@type\":\"WebPage\",\"@id\":\"https:\/\/www.aromatico.de\/coffeeworld\/coffee\/kreativ-mit-kaffee-der-barista\/\",\"url\":\"https:\/\/www.aromatico.de\/coffeeworld\/coffee\/kreativ-mit-kaffee-der-barista\/\",\"name\":\"Kreativ mit Kaffee: der Barista \u2013 Aromatico Coffee World\",\"isPartOf\":{\"@id\":\"https:\/\/www.aromatico.de\/coffeeworld\/#website\"},\"datePublished\":\"2018-11-07T11:27:35+00:00\",\"dateModified\":\"2022-11-25T12:50:25+00:00\",\"description\":\"K\u00f6stliche Crema? Perfekt gesch\u00e4umter Cappuccino? F\u00fcr einen guten Barista ein Kinderspiel. Hier mehr \u00fcber diesen noch jungen Beruf lesen!\",\"breadcrumb\":{\"@id\":\"https:\/\/www.aromatico.de\/coffeeworld\/coffee\/kreativ-mit-kaffee-der-barista\/#breadcrumb\"},\"inLanguage\":\"de-DE\",\"potentialAction\":[{\"@type\":\"ReadAction\",\"target\":[\"https:\/\/www.aromatico.de\/coffeeworld\/coffee\/kreativ-mit-kaffee-der-barista\/\"]}]},{\"@type\":\"BreadcrumbList\",\"@id\":\"https:\/\/www.aromatico.de\/coffeeworld\/coffee\/kreativ-mit-kaffee-der-barista\/#breadcrumb\",\"itemListElement\":[{\"@type\":\"ListItem\",\"position\":1,\"name\":\"Home\",\"item\":\"https:\/\/www.aromatico.de\/coffeeworld\/\"},{\"@type\":\"ListItem\",\"position\":2,\"name\":\"Kreativ mit Kaffee: Der Barista eine Berufung\"}]},{\"@type\":\"WebSite\",\"@id\":\"https:\/\/www.aromatico.de\/coffeeworld\/#website\",\"url\":\"https:\/\/www.aromatico.de\/coffeeworld\/\",\"name\":\"Aromatico Coffee World Magazin\",\"description\":\"\",\"publisher\":{\"@id\":\"https:\/\/www.aromatico.de\/coffeeworld\/#organization\"},\"potentialAction\":[{\"@type\":\"SearchAction\",\"target\":{\"@type\":\"EntryPoint\",\"urlTemplate\":\"https:\/\/www.aromatico.de\/coffeeworld\/?s={search_term_string}\"},\"query-input\":\"required name=search_term_string\"}],\"inLanguage\":\"de-DE\"},{\"@type\":\"Organization\",\"@id\":\"https:\/\/www.aromatico.de\/coffeeworld\/#organization\",\"name\":\"Aromatico Heinrich Schwarz GmbH & Co. KG\",\"url\":\"https:\/\/www.aromatico.de\/coffeeworld\/\",\"logo\":{\"@type\":\"ImageObject\",\"inLanguage\":\"de-DE\",\"@id\":\"https:\/\/www.aromatico.de\/coffeeworld\/#\/schema\/logo\/image\/\",\"url\":\"https:\/\/www.aromatico.de\/coffeeworld\/wp-content\/uploads\/2017\/07\/Aromatico-Coffee-World-Icon-512x512-Edges.png\",\"contentUrl\":\"https:\/\/www.aromatico.de\/coffeeworld\/wp-content\/uploads\/2017\/07\/Aromatico-Coffee-World-Icon-512x512-Edges.png\",\"width\":512,\"height\":512,\"caption\":\"Aromatico Heinrich Schwarz GmbH & Co. KG\"},\"image\":{\"@id\":\"https:\/\/www.aromatico.de\/coffeeworld\/#\/schema\/logo\/image\/\"},\"sameAs\":[\"https:\/\/www.facebook.com\/aromatico.de\/\"]},{\"@type\":\"Person\",\"@id\":\"https:\/\/www.aromatico.de\/coffeeworld\/#\/schema\/person\/68e3ca4e323f03099f97392ee063115f\",\"name\":\"Carola\",\"image\":{\"@type\":\"ImageObject\",\"inLanguage\":\"de-DE\",\"@id\":\"https:\/\/www.aromatico.de\/coffeeworld\/#\/schema\/person\/image\/\",\"url\":\"https:\/\/secure.gravatar.com\/avatar\/eea88c020c85fb8a8bcb3559589a7339?s=96&d=mm&r=g\",\"contentUrl\":\"https:\/\/secure.gravatar.com\/avatar\/eea88c020c85fb8a8bcb3559589a7339?s=96&d=mm&r=g\",\"caption\":\"Carola\"},\"description\":\"Ich bin Carola und bei Aromatico f\u00fcr unser Coffee World Magazin zust\u00e4ndig. Ich bin \u00d6kotrophologin und liebe alles was mit Kaffee zusammenh\u00e4ngt.\",\"url\":\"https:\/\/www.aromatico.de\/coffeeworld\/author\/skuppin\/\"}]}<\/script>\n<!-- \/ Yoast SEO Premium plugin. -->","yoast_head_json":{"title":"Kreativ mit Kaffee: der Barista \u2013 Aromatico Coffee World","description":"K\u00f6stliche Crema? Perfekt gesch\u00e4umter Cappuccino? F\u00fcr einen guten Barista ein Kinderspiel. Hier mehr \u00fcber diesen noch jungen Beruf lesen!","robots":{"index":"index","follow":"follow","max-snippet":"max-snippet:-1","max-image-preview":"max-image-preview:large","max-video-preview":"max-video-preview:-1"},"canonical":"https:\/\/www.aromatico.de\/coffeeworld\/coffee\/kreativ-mit-kaffee-der-barista\/","og_locale":"de_DE","og_type":"article","og_title":"Kreativ mit Kaffee: Der Barista eine Berufung","og_description":"K\u00f6stliche Crema? Perfekt gesch\u00e4umter Cappuccino? F\u00fcr einen guten Barista ein Kinderspiel. Hier mehr \u00fcber diesen noch jungen Beruf lesen!","og_url":"https:\/\/www.aromatico.de\/coffeeworld\/coffee\/kreativ-mit-kaffee-der-barista\/","og_site_name":"Aromatico Coffee World Magazin","article_publisher":"https:\/\/www.facebook.com\/aromatico.de\/","article_published_time":"2018-11-07T11:27:35+00:00","article_modified_time":"2022-11-25T12:50:25+00:00","og_image":[{"width":1200,"height":800,"url":"https:\/\/www.aromatico.de\/coffeeworld\/wp-content\/uploads\/2018\/11\/young-barista-is-making-a-coffee-picture-id484380310.jpg","type":"image\/jpeg"}],"author":"Carola","twitter_card":"summary_large_image","twitter_misc":{"Verfasst von":"Carola","Gesch\u00e4tzte Lesezeit":"7 Minuten"},"schema":{"@context":"https:\/\/schema.org","@graph":[{"@type":"Article","@id":"https:\/\/www.aromatico.de\/coffeeworld\/coffee\/kreativ-mit-kaffee-der-barista\/#article","isPartOf":{"@id":"https:\/\/www.aromatico.de\/coffeeworld\/coffee\/kreativ-mit-kaffee-der-barista\/"},"author":{"name":"Carola","@id":"https:\/\/www.aromatico.de\/coffeeworld\/#\/schema\/person\/68e3ca4e323f03099f97392ee063115f"},"headline":"Kreativ mit Kaffee: Der Barista eine Berufung","datePublished":"2018-11-07T11:27:35+00:00","dateModified":"2022-11-25T12:50:25+00:00","mainEntityOfPage":{"@id":"https:\/\/www.aromatico.de\/coffeeworld\/coffee\/kreativ-mit-kaffee-der-barista\/"},"wordCount":1546,"commentCount":1,"publisher":{"@id":"https:\/\/www.aromatico.de\/coffeeworld\/#organization"},"keywords":["Barista","Beruf","Espresso","Italien","Kaffee"],"articleSection":["Coffee","LifeStyle"],"inLanguage":"de-DE","potentialAction":[{"@type":"CommentAction","name":"Comment","target":["https:\/\/www.aromatico.de\/coffeeworld\/coffee\/kreativ-mit-kaffee-der-barista\/#respond"]}]},{"@type":"WebPage","@id":"https:\/\/www.aromatico.de\/coffeeworld\/coffee\/kreativ-mit-kaffee-der-barista\/","url":"https:\/\/www.aromatico.de\/coffeeworld\/coffee\/kreativ-mit-kaffee-der-barista\/","name":"Kreativ mit Kaffee: der Barista \u2013 Aromatico Coffee World","isPartOf":{"@id":"https:\/\/www.aromatico.de\/coffeeworld\/#website"},"datePublished":"2018-11-07T11:27:35+00:00","dateModified":"2022-11-25T12:50:25+00:00","description":"K\u00f6stliche Crema? Perfekt gesch\u00e4umter Cappuccino? F\u00fcr einen guten Barista ein Kinderspiel. Hier mehr \u00fcber diesen noch jungen Beruf lesen!","breadcrumb":{"@id":"https:\/\/www.aromatico.de\/coffeeworld\/coffee\/kreativ-mit-kaffee-der-barista\/#breadcrumb"},"inLanguage":"de-DE","potentialAction":[{"@type":"ReadAction","target":["https:\/\/www.aromatico.de\/coffeeworld\/coffee\/kreativ-mit-kaffee-der-barista\/"]}]},{"@type":"BreadcrumbList","@id":"https:\/\/www.aromatico.de\/coffeeworld\/coffee\/kreativ-mit-kaffee-der-barista\/#breadcrumb","itemListElement":[{"@type":"ListItem","position":1,"name":"Home","item":"https:\/\/www.aromatico.de\/coffeeworld\/"},{"@type":"ListItem","position":2,"name":"Kreativ mit Kaffee: Der Barista eine Berufung"}]},{"@type":"WebSite","@id":"https:\/\/www.aromatico.de\/coffeeworld\/#website","url":"https:\/\/www.aromatico.de\/coffeeworld\/","name":"Aromatico Coffee World Magazin","description":"","publisher":{"@id":"https:\/\/www.aromatico.de\/coffeeworld\/#organization"},"potentialAction":[{"@type":"SearchAction","target":{"@type":"EntryPoint","urlTemplate":"https:\/\/www.aromatico.de\/coffeeworld\/?s={search_term_string}"},"query-input":"required name=search_term_string"}],"inLanguage":"de-DE"},{"@type":"Organization","@id":"https:\/\/www.aromatico.de\/coffeeworld\/#organization","name":"Aromatico Heinrich Schwarz GmbH & Co. KG","url":"https:\/\/www.aromatico.de\/coffeeworld\/","logo":{"@type":"ImageObject","inLanguage":"de-DE","@id":"https:\/\/www.aromatico.de\/coffeeworld\/#\/schema\/logo\/image\/","url":"https:\/\/www.aromatico.de\/coffeeworld\/wp-content\/uploads\/2017\/07\/Aromatico-Coffee-World-Icon-512x512-Edges.png","contentUrl":"https:\/\/www.aromatico.de\/coffeeworld\/wp-content\/uploads\/2017\/07\/Aromatico-Coffee-World-Icon-512x512-Edges.png","width":512,"height":512,"caption":"Aromatico Heinrich Schwarz GmbH & Co. KG"},"image":{"@id":"https:\/\/www.aromatico.de\/coffeeworld\/#\/schema\/logo\/image\/"},"sameAs":["https:\/\/www.facebook.com\/aromatico.de\/"]},{"@type":"Person","@id":"https:\/\/www.aromatico.de\/coffeeworld\/#\/schema\/person\/68e3ca4e323f03099f97392ee063115f","name":"Carola","image":{"@type":"ImageObject","inLanguage":"de-DE","@id":"https:\/\/www.aromatico.de\/coffeeworld\/#\/schema\/person\/image\/","url":"https:\/\/secure.gravatar.com\/avatar\/eea88c020c85fb8a8bcb3559589a7339?s=96&d=mm&r=g","contentUrl":"https:\/\/secure.gravatar.com\/avatar\/eea88c020c85fb8a8bcb3559589a7339?s=96&d=mm&r=g","caption":"Carola"},"description":"Ich bin Carola und bei Aromatico f\u00fcr unser Coffee World Magazin zust\u00e4ndig. Ich bin \u00d6kotrophologin und liebe alles was mit Kaffee zusammenh\u00e4ngt.","url":"https:\/\/www.aromatico.de\/coffeeworld\/author\/skuppin\/"}]}},"_links":{"self":[{"href":"https:\/\/www.aromatico.de\/coffeeworld\/wp-json\/wp\/v2\/posts\/3158"}],"collection":[{"href":"https:\/\/www.aromatico.de\/coffeeworld\/wp-json\/wp\/v2\/posts"}],"about":[{"href":"https:\/\/www.aromatico.de\/coffeeworld\/wp-json\/wp\/v2\/types\/post"}],"author":[{"embeddable":true,"href":"https:\/\/www.aromatico.de\/coffeeworld\/wp-json\/wp\/v2\/users\/3"}],"replies":[{"embeddable":true,"href":"https:\/\/www.aromatico.de\/coffeeworld\/wp-json\/wp\/v2\/comments?post=3158"}],"version-history":[{"count":35,"href":"https:\/\/www.aromatico.de\/coffeeworld\/wp-json\/wp\/v2\/posts\/3158\/revisions"}],"predecessor-version":[{"id":12524,"href":"https:\/\/www.aromatico.de\/coffeeworld\/wp-json\/wp\/v2\/posts\/3158\/revisions\/12524"}],"wp:featuredmedia":[{"embeddable":true,"href":"https:\/\/www.aromatico.de\/coffeeworld\/wp-json\/wp\/v2\/media\/3161"}],"wp:attachment":[{"href":"https:\/\/www.aromatico.de\/coffeeworld\/wp-json\/wp\/v2\/media?parent=3158"}],"wp:term":[{"taxonomy":"category","embeddable":true,"href":"https:\/\/www.aromatico.de\/coffeeworld\/wp-json\/wp\/v2\/categories?post=3158"},{"taxonomy":"post_tag","embeddable":true,"href":"https:\/\/www.aromatico.de\/coffeeworld\/wp-json\/wp\/v2\/tags?post=3158"}],"curies":[{"name":"wp","href":"https:\/\/api.w.org\/{rel}","templated":true}]}}