{"id":3269,"date":"2019-03-29T15:30:56","date_gmt":"2019-03-29T14:30:56","guid":{"rendered":"https:\/\/www.aromatico.de\/coffeeworld\/?p=3269"},"modified":"2022-11-23T15:37:31","modified_gmt":"2022-11-23T14:37:31","slug":"im-aromatico-interview-mamis-caffe","status":"publish","type":"post","link":"https:\/\/www.aromatico.de\/coffeeworld\/interviews\/im-aromatico-interview-mamis-caffe\/","title":{"rendered":"Im Aromatico Interview: Mamis Caff\u00e8"},"content":{"rendered":"<div class=\"wpb-content-wrapper\"><p>[vc_row][vc_column][vc_column_text]Im Aromatico Interview stellen wir Ihnen die Personen vor, die f\u00fcr das Produkt und das Konzept der R\u00f6sterei Mamis Caff\u00e8 verantwortlich sind. Wir m\u00f6chten die Menschen hinter dem Produkt erlebbar machen. Wir m\u00f6chten wissen, was Sie am Kaffee interessiert und inspiriert? Wie haben Sie zum Kaffee gefunden? Was ist Ihr pers\u00f6nlichster Kaffeemoment? Was macht Ihre Marke aus? Welche Philosophie haben Sie f\u00fcr Ihr Gesch\u00e4ft? Was sind Ihre Ziele?<\/p>\n<p>Hierf\u00fcr haben wir mit Herrn Wilhelm Rabanser (General Director) \u00fcber Mamis Caff\u00e8 gesprochen. Die Gesch\u00e4ftsf\u00fchrerin Frau Snjezana Prole ist das Gesicht des Unternehmens. Wir haben herausgefunden, was das Besondere an der Marke Mamis Caff\u00e8 ist und warum es sich lohnt diesen\u00a0<a href=\"\/roester-marken\/mamis-caffe\/\">Espresso<\/a> zu kosten.[\/vc_column_text][\/vc_column][\/vc_row][vc_row][vc_column][vc_custom_heading text=&#8220;AROMATICO: BITTE STELLEN SIE KURZ SICH, IHRE FUNKTION UND DAS UNTERNEHMEN VOR?&#8220; use_theme_fonts=&#8220;yes&#8220;][\/vc_column][\/vc_row][vc_row][vc_column][vc_column_text]<strong><em>Wilhelm Rabanser:<\/em><\/strong>\u00a0<a href=\"\/roester-marken\/mamis-caffe\/\">Mamis Caff\u00e8<\/a>\u00a0ist im Jahr 2006 gegr\u00fcndet worden. Die Gr\u00fcnder sind Mario Modesto und Snjezana Prole. Vor nunmehr 2 Jahren bin ich als General Director zum Unternehmen dazugekommen. Leidenschaft, Qualit\u00e4t und die Herausforderung sich im Kaffeemarkt durchzusetzen sind jene Merkmale, die uns 3 Gesellschafter verbinden. Mamis Caff\u00e8 ist ein kleines Unternehmen mit insgesamt 6 Besch\u00e4ftigten.[\/vc_column_text][\/vc_column][\/vc_row][vc_row][vc_column]\n\t\t\t<!-- START Espresso Topseller REVOLUTION SLIDER 6.6.18 --><p class=\"rs-p-wp-fix\"><\/p>\n\t\t\t<rs-module-wrap id=\"rev_slider_21_1_wrapper\" data-source=\"gallery\" style=\"visibility:hidden;background:transparent;padding:0;margin:0px auto;margin-top:10px;margin-bottom:20px;\">\n\t\t\t\t<rs-module id=\"rev_slider_21_1\" style=\"\" data-version=\"6.6.18\">\n\t\t\t\t\t<rs-slides style=\"overflow: hidden; position: absolute;\">\n\t\t\t\t\t\t<rs-slide style=\"position: absolute;\" data-key=\"rs-21\" data-title=\"Slide\" data-anim=\"adpr:false;\" data-in=\"o:0;\" data-out=\"a:false;\">\n\t\t\t\t\t\t\t<img decoding=\"async\" src=\"\/\/www.aromatico.de\/coffeeworld\/wp-content\/plugins\/revslider\/public\/assets\/assets\/dummy.png\" alt=\"Slide\" title=\"Im Aromatico Interview: Mamis Caff\u00e8\" class=\"rev-slidebg tp-rs-img rs-lazyload\" data-lazyload=\"\/\/www.aromatico.de\/coffeeworld\/wp-content\/plugins\/revslider\/public\/assets\/assets\/transparent.png\" data-no-retina>\n<!--\n\t\t\t\t\t\t\t--><rs-layer\n\t\t\t\t\t\t\t\tid=\"slider-21-slide-21-layer-0\" \n\t\t\t\t\t\t\t\tdata-type=\"image\"\n\t\t\t\t\t\t\t\tdata-rsp_ch=\"on\"\n\t\t\t\t\t\t\t\tdata-xy=\"x:l,c,c,c;y:m;\"\n\t\t\t\t\t\t\t\tdata-text=\"w:normal;s:20,20,16,9;l:0,0,21,12;\"\n\t\t\t\t\t\t\t\tdata-dim=\"w:920px,924px,780px,915px;h:271px,273px,230px,270px;\"\n\t\t\t\t\t\t\t\tdata-frame_999=\"o:0;st:w;\"\n\t\t\t\t\t\t\t\tstyle=\"z-index:8;\"\n\t\t\t\t\t\t\t><img decoding=\"async\" src=\"\/\/www.aromatico.de\/coffeeworld\/wp-content\/plugins\/revslider\/public\/assets\/assets\/dummy.png\" alt=\"Espresso Topseller\" class=\"tp-rs-img rs-lazyload\" width=\"825\" height=\"243\" data-lazyload=\"\/\/www.aromatico.de\/coffeeworld\/wp-content\/uploads\/2022\/01\/Top-Espressi-Stoerer.jpg\" data-no-retina> \n\t\t\t\t\t\t\t<\/rs-layer><!--\n\n\t\t\t\t\t\t\t--><rs-layer\n\t\t\t\t\t\t\t\tid=\"slider-21-slide-21-layer-1\" \n\t\t\t\t\t\t\t\tdata-type=\"shape\"\n\t\t\t\t\t\t\t\tdata-rsp_ch=\"on\"\n\t\t\t\t\t\t\t\tdata-xy=\"xo:0,0,0,-2px;y:m;yo:0,-2px,0,-1px;\"\n\t\t\t\t\t\t\t\tdata-text=\"w:normal;s:20,20,16,9;l:0,0,21,12;\"\n\t\t\t\t\t\t\t\tdata-dim=\"w:389px,392px,331px,484px;h:271px,304px,231px,344px;\"\n\t\t\t\t\t\t\t\tdata-frame_999=\"o:0;st:w;\"\n\t\t\t\t\t\t\t\tstyle=\"z-index:9;background-color:rgba(0,0,0,0.5);\"\n\t\t\t\t\t\t\t> \n\t\t\t\t\t\t\t<\/rs-layer><!--\n\n\t\t\t\t\t\t\t--><rs-layer\n\t\t\t\t\t\t\t\tid=\"slider-21-slide-21-layer-4\" \n\t\t\t\t\t\t\t\tdata-type=\"image\"\n\t\t\t\t\t\t\t\tdata-rsp_ch=\"on\"\n\t\t\t\t\t\t\t\tdata-xy=\"xo:59px;yo:61px;\"\n\t\t\t\t\t\t\t\tdata-text=\"w:normal;s:20,20,16,9;l:0,0,21,12;\"\n\t\t\t\t\t\t\t\tdata-dim=\"w:['92px','92px','92px','92px'];h:['26px','26px','26px','26px'];\"\n\t\t\t\t\t\t\t\tdata-frame_999=\"o:0;st:w;\"\n\t\t\t\t\t\t\t\tstyle=\"z-index:10;\"\n\t\t\t\t\t\t\t><img decoding=\"async\" src=\"\/\/www.aromatico.de\/coffeeworld\/wp-content\/plugins\/revslider\/public\/assets\/assets\/dummy.png\" alt=\"\" class=\"tp-rs-img rs-lazyload\" width=\"88\" height=\"25\" data-lazyload=\"\/\/www.aromatico.de\/coffeeworld\/wp-content\/uploads\/revslider\/slider-2\/Pfad-81.png\" data-no-retina> \n\t\t\t\t\t\t\t<\/rs-layer><!--\n\n\t\t\t\t\t\t\t--><rs-layer\n\t\t\t\t\t\t\t\tid=\"slider-21-slide-21-layer-5\" \n\t\t\t\t\t\t\t\tdata-type=\"text\"\n\t\t\t\t\t\t\t\tdata-rsp_ch=\"on\"\n\t\t\t\t\t\t\t\tdata-xy=\"xo:60px;yo:121px;\"\n\t\t\t\t\t\t\t\tdata-text=\"w:normal;s:18,18,18,18;l:23,23,20,23;fw:600,400,400,400;\"\n\t\t\t\t\t\t\t\tdata-dim=\"w:244,244px,244px,244px;\"\n\t\t\t\t\t\t\t\tdata-frame_999=\"o:0;st:w;\"\n\t\t\t\t\t\t\t\tstyle=\"z-index:11;font-family:'Arial', 'Helvetica', 'sans-serif';\"\n\t\t\t\t\t\t\t>ERSTKLASSIGE ESPRESSI ENTDECKEN  \n\t\t\t\t\t\t\t<\/rs-layer><!--\n\n\t\t\t\t\t\t\t--><a\n\t\t\t\t\t\t\t\tid=\"slider-21-slide-21-layer-9\" \n\t\t\t\t\t\t\t\tclass=\"rs-layer rev-btn\"\n\t\t\t\t\t\t\t\thref=\"https:\/\/www.aromatico.de\/espresso\/\" target=\"_blank\" rel=\"noopener\"\n\t\t\t\t\t\t\t\tdata-type=\"button\"\n\t\t\t\t\t\t\t\tdata-xy=\"xo:60px;yo:200px,210px,185px,210px;\"\n\t\t\t\t\t\t\t\tdata-text=\"w:normal;s:13,12,12,13;l:32,32,25,32;fw:700,500,500,500;a:center;\"\n\t\t\t\t\t\t\t\tdata-dim=\"w:222,222,183,222px;minh:0,none,none,none;\"\n\t\t\t\t\t\t\t\tdata-padding=\"r:28,28,22,14;l:28,28,22,14;\"\n\t\t\t\t\t\t\t\tdata-border=\"bor:5px,5px,5px,5px;\"\n\t\t\t\t\t\t\t\tdata-frame_999=\"o:0;st:w;\"\n\t\t\t\t\t\t\t\tdata-frame_hover=\"bgc:#bf1718;bor:5px,5px,5px,5px;sp:100;e:power1.inOut;bri:120%;blu:0px;\"\n\t\t\t\t\t\t\t\tstyle=\"z-index:12;background-color:#bf1718;font-family:'Arial', 'Helvetica', 'sans-serif';\"\n\t\t\t\t\t\t\t>PRODUKTE ENTECKEN \n\t\t\t\t\t\t\t<\/a><!--\n-->\t\t\t\t\t\t<\/rs-slide>\n\t\t\t\t\t<\/rs-slides>\n\t\t\t\t<\/rs-module>\n\t\t\t\t<script>\n\t\t\t\t\tsetREVStartSize({c: 'rev_slider_21_1',rl:[1240,1024,778,480],el:[271,271,230,271],gw:[920,920,778,480],gh:[271,271,230,271],type:'standard',justify:'',layout:'fullwidth',mh:\"0\"});if (window.RS_MODULES!==undefined && window.RS_MODULES.modules!==undefined && window.RS_MODULES.modules[\"revslider211\"]!==undefined) {window.RS_MODULES.modules[\"revslider211\"].once = false;window.revapi21 = undefined;if (window.RS_MODULES.checkMinimal!==undefined) window.RS_MODULES.checkMinimal()}\n\t\t\t\t<\/script>\n\t\t\t<\/rs-module-wrap>\n\t\t\t<!-- END REVOLUTION SLIDER -->\n[\/vc_column][\/vc_row][vc_row][vc_column][vc_custom_heading text=&#8220;AROMATICO: HERR RABANSER WARUM GIBT ES KEIN BILD VON IHNEN?&#8220; use_theme_fonts=&#8220;yes&#8220;][\/vc_column][\/vc_row][vc_row][vc_column][vc_column_text]<em><strong>Wilhelm Rabanser:<\/strong>\u00a0<\/em>Frau Prole ist unsere Gesch\u00e4ftsleitung und unser Gesicht in der \u00d6ffentlichkeit. Aber ganz unabh\u00e4ngig davon, spreche ich auch Deutsch, sodass wir uns daf\u00fcr entschieden haben, dass ich Ihre Fragen beantworte.[\/vc_column_text][\/vc_column][\/vc_row][vc_row][vc_column][vc_custom_heading text=&#8220;AROMATICO: WIE HABEN SIE ZUM KAFFEE GEFUNDEN?&#8220; use_theme_fonts=&#8220;yes&#8220;][\/vc_column][\/vc_row][vc_row][vc_column width=&#8220;1\/2&#8243;][vc_column_text]<strong><em>Wilhelm Rabanser:<\/em><\/strong>\u00a0Als\u00a0<a href=\"https:\/\/www.mamiscaffe.com\/de\/blog\/news\/wie-echte-italiener\">Italiener<\/a> wird man fr\u00fcher oder sp\u00e4ter zum Kaffeegenie\u00dfer, was nat\u00fcrlich nicht bedeutet, dass jeder Genie\u00dfer auch zum Produzenten wird. Es war meine Leidenschaft zum Produkt Kaffee, die ausschlaggebend war, ausgezeichneten Kaffee produzieren zu wollen.[\/vc_column_text][\/vc_column][vc_column width=&#8220;1\/2&#8243;][vc_single_image image=&#8220;3279&#8243; img_size=&#8220;large&#8220; add_caption=&#8220;yes&#8220; alignment=&#8220;center&#8220;][\/vc_column][\/vc_row][vc_row][vc_column][vc_custom_heading text=&#8220;AROMATICO: WAS WAR DIE BESTE ENTSCHEIDUNG IN IHRER BERUFLICHEN LAUFBAHN?&#8220; use_theme_fonts=&#8220;yes&#8220;][\/vc_column][\/vc_row][vc_row][vc_column][vc_column_text]<em><strong>Wilhelm Rabanser<\/strong>:<\/em>\u00a0Ohne Zweifel jene, Kaffeeproduzent zu werden![\/vc_column_text][\/vc_column][\/vc_row][vc_row][vc_column][vc_custom_heading text=&#8220;AROMATICO: WAS MACHT IHNEN AN IHREM JOB AM MEISTEN SPASS?&#8220; use_theme_fonts=&#8220;yes&#8220;][\/vc_column][\/vc_row][vc_row][vc_column][vc_column_text]<strong><em>Wilhelm Rabanser:<\/em><\/strong>\u00a0Der Umgang mit einem nat\u00fcrlichen Produkt und stets die Herausforderung eine bereits ausgezeichnete Qualit\u00e4t immer weiter verbessern zu k\u00f6nnen.[\/vc_column_text][\/vc_column][\/vc_row][vc_row][vc_column][vc_custom_heading text=&#8220;AROMATICO: WAS WIRD IHR N\u00c4CHSTES PROJEKT?&#8220; use_theme_fonts=&#8220;yes&#8220;][\/vc_column][\/vc_row][vc_row][vc_column][vc_column_text]<strong><em>Wilhelm Rabanser<\/em>:<\/strong> Das steht noch nicht g\u00e4nzlich fest. Es gibt mehrere Projekte, die wir aktuell umsetzen m\u00f6chten. Zum Einen m\u00f6chte ich die Entwicklung einer sehr hochwertigen Kaffeemischung vorantreiben und zum anderen interessiere ich mich f\u00fcr die Entwicklung einer neuen Kaffeepadmaschine.[\/vc_column_text][\/vc_column][\/vc_row][vc_row][vc_column][vc_custom_heading text=&#8220;AROMATICO: WAS IST IHR PERS\u00d6NLICHSTER KAFFEEMOMENT?&#8220; use_theme_fonts=&#8220;yes&#8220;][\/vc_column][\/vc_row][vc_row][vc_column][vc_column_text]<strong><em>Wilhelm Rabanser<\/em>:<\/strong> Ich habe 2 Kaffeemomente am Tag auf die ich nicht verzichten kann. Ich trinke morgens beim F\u00fchst\u00fcck immer einen Cappuccino. Ohne Ihn habe ich einen schlechten Start in den Tag.\u00a0 Mein zweiter Kaffeemoment ist gegen 16 Uhr, wenn das Tagesgesch\u00e4ft langsam abflaut und ich mich dann mit einem Kaffee belohne und etwas entspannter zur\u00fccklehne[\/vc_column_text][\/vc_column][\/vc_row][vc_row][vc_column][vc_custom_heading text=&#8220;AROMATICO: WAS IST DIE PHILOSOPHIE VON MAMIS CAFF\u00c8?&#8220; use_theme_fonts=&#8220;yes&#8220;][\/vc_column][\/vc_row][vc_row][vc_column width=&#8220;1\/2&#8243;][vc_single_image image=&#8220;3280&#8243; img_size=&#8220;full&#8220; add_caption=&#8220;yes&#8220; alignment=&#8220;center&#8220;][\/vc_column][vc_column width=&#8220;1\/2&#8243;][vc_column_text]<strong><em>Wilhelm Rabanser<\/em>:<\/strong> Wir bieten dem Verbraucher unkomplizierten Genuss auf den Punkt. Wir produzieren Kaffee, der in seiner Zubereitung unkompliziert ist. Nicht jeder Verbraucher m\u00f6chte t\u00e4glich aufgrund von Luftfeuchtigkeit und Bohnenmischung den Mahlgrad seiner Kaffeemaschine neu justieren, damit daraus ein\u00a0perfekter Espresso\u00a0wird.[\/vc_column_text][\/vc_column][\/vc_row][vc_row][vc_column][vc_custom_heading text=&#8220;AROMATICO: WAS MACHT IHRE MARKE AUS?&#8220; use_theme_fonts=&#8220;yes&#8220;][\/vc_column][\/vc_row][vc_row][vc_column][vc_column_text]<strong><em>W<\/em><em>ilhelm Rabanser:<\/em><\/strong>\u00a0Wir produzieren nicht Kaffee. Wir leben Kaffee.\u00a0 Jeden Tag geben wir unser Bestes um guten Kaffee zu machen. Unseren Kunden bieten wir Orientierung welcher Kaffee zu welcher Zeit am Besten zum pers\u00f6nlichen Genussmoment passt. Nach unserem Verst\u00e4ndnis sollte der Kaffee den ich fr\u00fchmorgens trinke, nicht unbedingt jener sein, den ich am Nachmittag trinke. Hier bietet das Sortiment von Mamis Caff\u00e8 die Vielfalt, die unsere Kunden so lieben. Ausserdem bieten wir unseren Kunden immer einen\u00a0<a href=\"https:\/\/www.mamiscaffe.com\/de\/blog\/news\/7-italienische-kaffee-gewohnheiten-die-sie-vielleicht-noch-nicht-kannten\">humorvollen Mehrwert<\/a>, weil wir liebevoll mit einem Augenzwinkern die\u00a0<a href=\"https:\/\/www.mamiscaffe.com\/de\/blog\/news\/die-geschichte-des-italienischen-kaffees\">italienische Kaffeekultur<\/a>\u00a0ins Visier nehmen.[\/vc_column_text][\/vc_column][\/vc_row][vc_row][vc_column][vc_custom_heading text=&#8220;AROMATICO: WIE VERSTEHEN SIE QUALIT\u00c4T?&#8220; use_theme_fonts=&#8220;yes&#8220;][\/vc_column][\/vc_row][vc_row][vc_column][vc_column_text]<strong><em>Wilhelm Rabanser<\/em>:<\/strong> Mamis Caff\u00e8 m\u00f6chte viele Fragen seiner Kunden bereits im Vorfeld beantwortet wissen. Aus diesem Grund werden alle Produkte, die wir in unserem Warenangebot haben sehr gewissenhaft hergestellt. Kaffee,\u00a0<a href=\"https:\/\/www.mamiscaffe.com\/de\/blog\/news\/5-vorteile-der-kaffeepadmaschine\">Kaffeepadmaschinen<\/a>\u00a0oder unsere Gourmetboxen unterliegen einer strengen Qualit\u00e4tskontrolle. Der Kunde hat die Gewissheit, dass er bei uns ausschlie\u00dflich erste Qualit\u00e4t einkauft.<\/p>\n<p>Ein Beispiel: Unsere Kaffeepadmaschinen werden ausschlie\u00dflich mit Mokka-Zertifikat hergestellt. Dieses Zertifikat besagt, dass alle Bestandteile, die mit dem Produkt (Kaffee) in Kontakt kommen auch lebensmittelkonform sind. Mit unserem Zertifikat erf\u00fcllen wir selbst die sehr strengen amerikanischen Auflagen. Nicht zuletzt setzen wir auf die hochwertige italienische handwerkliche Herstellung, und verzichten g\u00e4nzlich auf die weit billigere China-Produktion. Bei der Frage nach dem Preis sollten wir nicht fragen wieviel ein Produkt kostet, sondern vielmehr, was uns unsere Gesundheit wert ist.[\/vc_column_text][\/vc_column][\/vc_row][vc_row][vc_column]\n\t\t\t<!-- START Espressokocher St\u00f6rer REVOLUTION SLIDER 6.6.18 --><p class=\"rs-p-wp-fix\"><\/p>\n\t\t\t<rs-module-wrap id=\"rev_slider_11_2_wrapper\" data-source=\"gallery\" style=\"visibility:hidden;background:transparent;padding:0;margin:0px auto;margin-top:10px;margin-bottom:20px;\">\n\t\t\t\t<rs-module id=\"rev_slider_11_2\" style=\"\" data-version=\"6.6.18\">\n\t\t\t\t\t<rs-slides style=\"overflow: hidden; position: absolute;\">\n\t\t\t\t\t\t<rs-slide style=\"position: absolute;\" data-key=\"rs-11\" data-title=\"Slide\" data-anim=\"adpr:false;\" data-in=\"o:0;\" data-out=\"a:false;\">\n\t\t\t\t\t\t\t<img decoding=\"async\" src=\"\/\/www.aromatico.de\/coffeeworld\/wp-content\/plugins\/revslider\/public\/assets\/assets\/dummy.png\" alt=\"Slide\" title=\"Im Aromatico Interview: Mamis Caff\u00e8\" class=\"rev-slidebg tp-rs-img rs-lazyload\" data-lazyload=\"\/\/www.aromatico.de\/coffeeworld\/wp-content\/plugins\/revslider\/public\/assets\/assets\/transparent.png\" data-no-retina>\n<!--\n\t\t\t\t\t\t\t--><rs-layer\n\t\t\t\t\t\t\t\tid=\"slider-11-slide-11-layer-0\" \n\t\t\t\t\t\t\t\tdata-type=\"image\"\n\t\t\t\t\t\t\t\tdata-rsp_ch=\"on\"\n\t\t\t\t\t\t\t\tdata-xy=\"x:l,c,c,c;y:m;\"\n\t\t\t\t\t\t\t\tdata-text=\"w:normal;s:20,20,16,9;l:0,0,21,12;\"\n\t\t\t\t\t\t\t\tdata-dim=\"w:920px,924px,780px,915px;h:271px,273px,230px,270px;\"\n\t\t\t\t\t\t\t\tdata-frame_999=\"o:0;st:w;\"\n\t\t\t\t\t\t\t\tstyle=\"z-index:8;\"\n\t\t\t\t\t\t\t><img decoding=\"async\" src=\"\/\/www.aromatico.de\/coffeeworld\/wp-content\/plugins\/revslider\/public\/assets\/assets\/dummy.png\" alt=\"Espressokocher Modelle\" class=\"tp-rs-img rs-lazyload\" width=\"825\" height=\"243\" data-lazyload=\"\/\/www.aromatico.de\/coffeeworld\/wp-content\/uploads\/2021\/06\/Espressokocher_Stoerer_zugeschnitten.jpg\" data-no-retina> \n\t\t\t\t\t\t\t<\/rs-layer><!--\n\n\t\t\t\t\t\t\t--><rs-layer\n\t\t\t\t\t\t\t\tid=\"slider-11-slide-11-layer-1\" \n\t\t\t\t\t\t\t\tdata-type=\"shape\"\n\t\t\t\t\t\t\t\tdata-rsp_ch=\"on\"\n\t\t\t\t\t\t\t\tdata-xy=\"xo:-1px,0,0,-2px;y:m;yo:3px,-2px,0,-1px;\"\n\t\t\t\t\t\t\t\tdata-text=\"w:normal;s:20,20,16,9;l:0,0,21,12;\"\n\t\t\t\t\t\t\t\tdata-dim=\"w:389px,392px,331px,484px;h:271px,304px,231px,344px;\"\n\t\t\t\t\t\t\t\tdata-frame_999=\"o:0;st:w;\"\n\t\t\t\t\t\t\t\tstyle=\"z-index:9;background-color:rgba(0,0,0,0.5);\"\n\t\t\t\t\t\t\t> \n\t\t\t\t\t\t\t<\/rs-layer><!--\n\n\t\t\t\t\t\t\t--><rs-layer\n\t\t\t\t\t\t\t\tid=\"slider-11-slide-11-layer-2\" \n\t\t\t\t\t\t\t\tdata-type=\"image\"\n\t\t\t\t\t\t\t\tdata-rsp_ch=\"on\"\n\t\t\t\t\t\t\t\tdata-xy=\"xo:54px,54px,45px,27px;yo:27px,27px,22px,13px;\"\n\t\t\t\t\t\t\t\tdata-text=\"w:normal;s:20,20,16,9;l:0,0,21,12;\"\n\t\t\t\t\t\t\t\tdata-dim=\"w:64px,64px,54px,33px;h:88px,88px,74px,45px;\"\n\t\t\t\t\t\t\t\tdata-frame_999=\"o:0;st:w;\"\n\t\t\t\t\t\t\t\tstyle=\"z-index:13;\"\n\t\t\t\t\t\t\t><img decoding=\"async\" src=\"\/\/www.aromatico.de\/coffeeworld\/wp-content\/plugins\/revslider\/public\/assets\/assets\/dummy.png\" alt=\"Espressokocher Icon\" class=\"tp-rs-img rs-lazyload\" width=\"232\" height=\"320\" data-lazyload=\"\/\/www.aromatico.de\/coffeeworld\/wp-content\/uploads\/2021\/06\/slider-revolution-icons_espressokocher.png\" data-no-retina> \n\t\t\t\t\t\t\t<\/rs-layer><!--\n\n\t\t\t\t\t\t\t--><rs-layer\n\t\t\t\t\t\t\t\tid=\"slider-11-slide-11-layer-5\" \n\t\t\t\t\t\t\t\tdata-type=\"text\"\n\t\t\t\t\t\t\t\tdata-rsp_ch=\"on\"\n\t\t\t\t\t\t\t\tdata-xy=\"xo:50px,60px,60px,60px;yo:136px,121px,121px,121px;\"\n\t\t\t\t\t\t\t\tdata-text=\"w:normal;s:18,18,18,18;l:23,23,20,23;fw:600,400,400,400;\"\n\t\t\t\t\t\t\t\tdata-dim=\"w:244,244px,244px,244px;\"\n\t\t\t\t\t\t\t\tdata-frame_999=\"o:0;st:w;\"\n\t\t\t\t\t\t\t\tstyle=\"z-index:11;font-family:'Arial', 'Helvetica', 'sans-serif';\"\n\t\t\t\t\t\t\t>DIE VIELFALT DER ESPRESSOKOCHER \n\t\t\t\t\t\t\t<\/rs-layer><!--\n\n\t\t\t\t\t\t\t--><a\n\t\t\t\t\t\t\t\tid=\"slider-11-slide-11-layer-9\" \n\t\t\t\t\t\t\t\tclass=\"rs-layer rev-btn\"\n\t\t\t\t\t\t\t\thref=\"\/zubehoer\/kaffeebereiter\/espresso-mokkakanne\/\" target=\"_blank\" rel=\"noopener\"\n\t\t\t\t\t\t\t\tdata-type=\"button\"\n\t\t\t\t\t\t\t\tdata-xy=\"xo:51px,60px,60px,60px;yo:202px,210px,185px,210px;\"\n\t\t\t\t\t\t\t\tdata-text=\"w:normal;s:13,12,12,13;l:32,32,25,32;fw:700,500,500,500;a:center;\"\n\t\t\t\t\t\t\t\tdata-dim=\"w:222,222,183,222px;minh:0,none,none,none;\"\n\t\t\t\t\t\t\t\tdata-padding=\"r:28,28,22,14;l:28,28,22,14;\"\n\t\t\t\t\t\t\t\tdata-border=\"bor:5px,5px,5px,5px;\"\n\t\t\t\t\t\t\t\tdata-frame_999=\"o:0;st:w;\"\n\t\t\t\t\t\t\t\tdata-frame_hover=\"bgc:#bf1718;bor:5px,5px,5px,5px;sp:100;e:power1.inOut;bri:120%;blu:0px;\"\n\t\t\t\t\t\t\t\tstyle=\"z-index:12;background-color:#bf1718;font-family:'Arial', 'Helvetica', 'sans-serif';\"\n\t\t\t\t\t\t\t>PRODUKTE ENTECKEN \n\t\t\t\t\t\t\t<\/a><!--\n-->\t\t\t\t\t\t<\/rs-slide>\n\t\t\t\t\t<\/rs-slides>\n\t\t\t\t<\/rs-module>\n\t\t\t\t<script>\n\t\t\t\t\tsetREVStartSize({c: 'rev_slider_11_2',rl:[1240,1024,778,480],el:[271,271,230,271],gw:[920,920,778,480],gh:[271,271,230,271],type:'standard',justify:'',layout:'fullwidth',mh:\"0\"});if (window.RS_MODULES!==undefined && window.RS_MODULES.modules!==undefined && window.RS_MODULES.modules[\"revslider112\"]!==undefined) {window.RS_MODULES.modules[\"revslider112\"].once = false;window.revapi11 = undefined;if (window.RS_MODULES.checkMinimal!==undefined) window.RS_MODULES.checkMinimal()}\n\t\t\t\t<\/script>\n\t\t\t<\/rs-module-wrap>\n\t\t\t<!-- END REVOLUTION SLIDER -->\n[\/vc_column][\/vc_row][vc_row][vc_column][vc_custom_heading text=&#8220;AROMATICO: WAS IST DAS VERSPRECHEN AN IHRE KUNDEN?&#8220; use_theme_fonts=&#8220;yes&#8220;][\/vc_column][\/vc_row][vc_row][vc_column][vc_column_text]<strong><em>Wilhelm Rabanser<\/em>:<\/strong> Eine kompromisslose Qualit\u00e4t, bei allen Produkten![\/vc_column_text][\/vc_column][\/vc_row][vc_row][vc_column][vc_custom_heading text=&#8220;AROMATICO: MADE IN ITALY \u2013 BITTE F\u00dcLLEN SIE DIESE WORTE MIT LEBEN.&#8220; use_theme_fonts=&#8220;yes&#8220;][\/vc_column][\/vc_row][vc_row][vc_column][vc_column_text]<em><strong>Wilhelm Rabanser:<\/strong>\u00a0<\/em>Wir glauben an hochwertige, italienische sowie handwerkliche Herstellung! Wir sind \u00fcberzeugt, dass Billigproduktionen aus dem fernen Ausland, nicht das Ma\u00df der Dinge sein k\u00f6nnen. Bei uns steht Gesundheit an 1. Stelle. Das bedeutet \u201eMade in Italy \u201ef\u00fcr uns und unsere Produkte.<\/p>\n<p><em><span id=\"portfolio-banner-display-name\">Beitragsbild: \u00a9Mamis Caff\u00e8<\/span><\/em>[\/vc_column_text][\/vc_column][\/vc_row]<\/p>\n<\/div>","protected":false},"excerpt":{"rendered":"<p>[vc_row][vc_column][vc_column_text]Im Aromatico Interview stellen wir Ihnen die Personen vor, die f\u00fcr das Produkt und das Konzept der R\u00f6sterei Mamis Caff\u00e8 verantwortlich sind. Wir m\u00f6chten die Menschen hinter dem Produkt erlebbar machen. Wir m\u00f6chten wissen, was Sie am Kaffee interessiert und inspiriert? Wie haben Sie zum Kaffee gefunden? Was ist Ihr pers\u00f6nlichster Kaffeemoment? Was macht Ihre&hellip;<\/p>\n","protected":false},"author":3,"featured_media":3277,"comment_status":"open","ping_status":"closed","sticky":false,"template":"","format":"standard","meta":{"wprm-recipe-roundup-name":"","wprm-recipe-roundup-description":"","footnotes":""},"categories":[220],"tags":[92,108,274],"yoast_head":"<!-- This site is optimized with the Yoast SEO Premium plugin v21.6 (Yoast SEO v21.6) - https:\/\/yoast.com\/wordpress\/plugins\/seo\/ -->\n<title>Mamis Caff\u00e8 exklusiv im Interview in der Aromatico Coffee World<\/title>\n<meta name=\"description\" content=\"Menschen hautnah. Was sind pers\u00f6nliche Kaffeemomente? Was macht die Marke aus? Welche Philosophie steht hinter dem Gesch\u00e4ft? Mami&#039;s Caff\u00e8 antwortet.\" \/>\n<meta name=\"robots\" content=\"index, follow, max-snippet:-1, max-image-preview:large, max-video-preview:-1\" \/>\n<link rel=\"canonical\" href=\"https:\/\/www.aromatico.de\/coffeeworld\/interviews\/im-aromatico-interview-mamis-caffe\/\" \/>\n<meta property=\"og:locale\" content=\"de_DE\" \/>\n<meta property=\"og:type\" content=\"article\" \/>\n<meta property=\"og:title\" content=\"Im Aromatico Interview: Mamis Caff\u00e8\" \/>\n<meta property=\"og:description\" content=\"Menschen hautnah. Was sind pers\u00f6nliche Kaffeemomente? Was macht die Marke aus? Welche Philosophie steht hinter dem Gesch\u00e4ft? Mami&#039;s Caff\u00e8 antwortet.\" \/>\n<meta property=\"og:url\" content=\"https:\/\/www.aromatico.de\/coffeeworld\/interviews\/im-aromatico-interview-mamis-caffe\/\" \/>\n<meta property=\"og:site_name\" content=\"Aromatico Coffee World Magazin\" \/>\n<meta property=\"article:publisher\" content=\"https:\/\/www.facebook.com\/aromatico.de\/\" \/>\n<meta property=\"article:published_time\" content=\"2019-03-29T14:30:56+00:00\" \/>\n<meta property=\"article:modified_time\" content=\"2022-11-23T14:37:31+00:00\" \/>\n<meta property=\"og:image\" content=\"https:\/\/www.aromatico.de\/coffeeworld\/wp-content\/uploads\/2019\/03\/Mamis-Caff\u00e8-GF.jpg\" \/>\n\t<meta property=\"og:image:width\" content=\"1195\" \/>\n\t<meta property=\"og:image:height\" content=\"800\" \/>\n\t<meta property=\"og:image:type\" content=\"image\/jpeg\" \/>\n<meta name=\"author\" content=\"Carola\" \/>\n<meta name=\"twitter:card\" content=\"summary_large_image\" \/>\n<meta name=\"twitter:label1\" content=\"Verfasst von\" \/>\n\t<meta name=\"twitter:data1\" content=\"Carola\" \/>\n\t<meta name=\"twitter:label2\" content=\"Gesch\u00e4tzte Lesezeit\" \/>\n\t<meta name=\"twitter:data2\" content=\"5 Minuten\" \/>\n<script type=\"application\/ld+json\" class=\"yoast-schema-graph\">{\"@context\":\"https:\/\/schema.org\",\"@graph\":[{\"@type\":\"Article\",\"@id\":\"https:\/\/www.aromatico.de\/coffeeworld\/interviews\/im-aromatico-interview-mamis-caffe\/#article\",\"isPartOf\":{\"@id\":\"https:\/\/www.aromatico.de\/coffeeworld\/interviews\/im-aromatico-interview-mamis-caffe\/\"},\"author\":{\"name\":\"Carola\",\"@id\":\"https:\/\/www.aromatico.de\/coffeeworld\/#\/schema\/person\/68e3ca4e323f03099f97392ee063115f\"},\"headline\":\"Im Aromatico Interview: Mamis Caff\u00e8\",\"datePublished\":\"2019-03-29T14:30:56+00:00\",\"dateModified\":\"2022-11-23T14:37:31+00:00\",\"mainEntityOfPage\":{\"@id\":\"https:\/\/www.aromatico.de\/coffeeworld\/interviews\/im-aromatico-interview-mamis-caffe\/\"},\"wordCount\":1269,\"commentCount\":0,\"publisher\":{\"@id\":\"https:\/\/www.aromatico.de\/coffeeworld\/#organization\"},\"keywords\":[\"Italien\",\"Kaffeekultur\",\"Kaffeevielfalt\"],\"articleSection\":[\"Interviews\"],\"inLanguage\":\"de-DE\",\"potentialAction\":[{\"@type\":\"CommentAction\",\"name\":\"Comment\",\"target\":[\"https:\/\/www.aromatico.de\/coffeeworld\/interviews\/im-aromatico-interview-mamis-caffe\/#respond\"]}]},{\"@type\":\"WebPage\",\"@id\":\"https:\/\/www.aromatico.de\/coffeeworld\/interviews\/im-aromatico-interview-mamis-caffe\/\",\"url\":\"https:\/\/www.aromatico.de\/coffeeworld\/interviews\/im-aromatico-interview-mamis-caffe\/\",\"name\":\"Mamis Caff\u00e8 exklusiv im Interview in der Aromatico Coffee World\",\"isPartOf\":{\"@id\":\"https:\/\/www.aromatico.de\/coffeeworld\/#website\"},\"datePublished\":\"2019-03-29T14:30:56+00:00\",\"dateModified\":\"2022-11-23T14:37:31+00:00\",\"description\":\"Menschen hautnah. Was sind pers\u00f6nliche Kaffeemomente? Was macht die Marke aus? Welche Philosophie steht hinter dem Gesch\u00e4ft? Mami's Caff\u00e8 antwortet.\",\"breadcrumb\":{\"@id\":\"https:\/\/www.aromatico.de\/coffeeworld\/interviews\/im-aromatico-interview-mamis-caffe\/#breadcrumb\"},\"inLanguage\":\"de-DE\",\"potentialAction\":[{\"@type\":\"ReadAction\",\"target\":[\"https:\/\/www.aromatico.de\/coffeeworld\/interviews\/im-aromatico-interview-mamis-caffe\/\"]}]},{\"@type\":\"BreadcrumbList\",\"@id\":\"https:\/\/www.aromatico.de\/coffeeworld\/interviews\/im-aromatico-interview-mamis-caffe\/#breadcrumb\",\"itemListElement\":[{\"@type\":\"ListItem\",\"position\":1,\"name\":\"Home\",\"item\":\"https:\/\/www.aromatico.de\/coffeeworld\/\"},{\"@type\":\"ListItem\",\"position\":2,\"name\":\"Im Aromatico Interview: Mamis Caff\u00e8\"}]},{\"@type\":\"WebSite\",\"@id\":\"https:\/\/www.aromatico.de\/coffeeworld\/#website\",\"url\":\"https:\/\/www.aromatico.de\/coffeeworld\/\",\"name\":\"Aromatico Coffee World Magazin\",\"description\":\"\",\"publisher\":{\"@id\":\"https:\/\/www.aromatico.de\/coffeeworld\/#organization\"},\"potentialAction\":[{\"@type\":\"SearchAction\",\"target\":{\"@type\":\"EntryPoint\",\"urlTemplate\":\"https:\/\/www.aromatico.de\/coffeeworld\/?s={search_term_string}\"},\"query-input\":\"required name=search_term_string\"}],\"inLanguage\":\"de-DE\"},{\"@type\":\"Organization\",\"@id\":\"https:\/\/www.aromatico.de\/coffeeworld\/#organization\",\"name\":\"Aromatico Heinrich Schwarz GmbH & Co. KG\",\"url\":\"https:\/\/www.aromatico.de\/coffeeworld\/\",\"logo\":{\"@type\":\"ImageObject\",\"inLanguage\":\"de-DE\",\"@id\":\"https:\/\/www.aromatico.de\/coffeeworld\/#\/schema\/logo\/image\/\",\"url\":\"https:\/\/www.aromatico.de\/coffeeworld\/wp-content\/uploads\/2017\/07\/Aromatico-Coffee-World-Icon-512x512-Edges.png\",\"contentUrl\":\"https:\/\/www.aromatico.de\/coffeeworld\/wp-content\/uploads\/2017\/07\/Aromatico-Coffee-World-Icon-512x512-Edges.png\",\"width\":512,\"height\":512,\"caption\":\"Aromatico Heinrich Schwarz GmbH & Co. KG\"},\"image\":{\"@id\":\"https:\/\/www.aromatico.de\/coffeeworld\/#\/schema\/logo\/image\/\"},\"sameAs\":[\"https:\/\/www.facebook.com\/aromatico.de\/\"]},{\"@type\":\"Person\",\"@id\":\"https:\/\/www.aromatico.de\/coffeeworld\/#\/schema\/person\/68e3ca4e323f03099f97392ee063115f\",\"name\":\"Carola\",\"image\":{\"@type\":\"ImageObject\",\"inLanguage\":\"de-DE\",\"@id\":\"https:\/\/www.aromatico.de\/coffeeworld\/#\/schema\/person\/image\/\",\"url\":\"https:\/\/secure.gravatar.com\/avatar\/eea88c020c85fb8a8bcb3559589a7339?s=96&d=mm&r=g\",\"contentUrl\":\"https:\/\/secure.gravatar.com\/avatar\/eea88c020c85fb8a8bcb3559589a7339?s=96&d=mm&r=g\",\"caption\":\"Carola\"},\"description\":\"Ich bin Carola und bei Aromatico f\u00fcr unser Coffee World Magazin zust\u00e4ndig. Ich bin \u00d6kotrophologin und liebe alles was mit Kaffee zusammenh\u00e4ngt.\",\"url\":\"https:\/\/www.aromatico.de\/coffeeworld\/author\/skuppin\/\"}]}<\/script>\n<!-- \/ Yoast SEO Premium plugin. -->","yoast_head_json":{"title":"Mamis Caff\u00e8 exklusiv im Interview in der Aromatico Coffee World","description":"Menschen hautnah. Was sind pers\u00f6nliche Kaffeemomente? Was macht die Marke aus? Welche Philosophie steht hinter dem Gesch\u00e4ft? Mami's Caff\u00e8 antwortet.","robots":{"index":"index","follow":"follow","max-snippet":"max-snippet:-1","max-image-preview":"max-image-preview:large","max-video-preview":"max-video-preview:-1"},"canonical":"https:\/\/www.aromatico.de\/coffeeworld\/interviews\/im-aromatico-interview-mamis-caffe\/","og_locale":"de_DE","og_type":"article","og_title":"Im Aromatico Interview: Mamis Caff\u00e8","og_description":"Menschen hautnah. Was sind pers\u00f6nliche Kaffeemomente? Was macht die Marke aus? Welche Philosophie steht hinter dem Gesch\u00e4ft? Mami's Caff\u00e8 antwortet.","og_url":"https:\/\/www.aromatico.de\/coffeeworld\/interviews\/im-aromatico-interview-mamis-caffe\/","og_site_name":"Aromatico Coffee World Magazin","article_publisher":"https:\/\/www.facebook.com\/aromatico.de\/","article_published_time":"2019-03-29T14:30:56+00:00","article_modified_time":"2022-11-23T14:37:31+00:00","og_image":[{"width":1195,"height":800,"url":"https:\/\/www.aromatico.de\/coffeeworld\/wp-content\/uploads\/2019\/03\/Mamis-Caff\u00e8-GF.jpg","type":"image\/jpeg"}],"author":"Carola","twitter_card":"summary_large_image","twitter_misc":{"Verfasst von":"Carola","Gesch\u00e4tzte Lesezeit":"5 Minuten"},"schema":{"@context":"https:\/\/schema.org","@graph":[{"@type":"Article","@id":"https:\/\/www.aromatico.de\/coffeeworld\/interviews\/im-aromatico-interview-mamis-caffe\/#article","isPartOf":{"@id":"https:\/\/www.aromatico.de\/coffeeworld\/interviews\/im-aromatico-interview-mamis-caffe\/"},"author":{"name":"Carola","@id":"https:\/\/www.aromatico.de\/coffeeworld\/#\/schema\/person\/68e3ca4e323f03099f97392ee063115f"},"headline":"Im Aromatico Interview: Mamis Caff\u00e8","datePublished":"2019-03-29T14:30:56+00:00","dateModified":"2022-11-23T14:37:31+00:00","mainEntityOfPage":{"@id":"https:\/\/www.aromatico.de\/coffeeworld\/interviews\/im-aromatico-interview-mamis-caffe\/"},"wordCount":1269,"commentCount":0,"publisher":{"@id":"https:\/\/www.aromatico.de\/coffeeworld\/#organization"},"keywords":["Italien","Kaffeekultur","Kaffeevielfalt"],"articleSection":["Interviews"],"inLanguage":"de-DE","potentialAction":[{"@type":"CommentAction","name":"Comment","target":["https:\/\/www.aromatico.de\/coffeeworld\/interviews\/im-aromatico-interview-mamis-caffe\/#respond"]}]},{"@type":"WebPage","@id":"https:\/\/www.aromatico.de\/coffeeworld\/interviews\/im-aromatico-interview-mamis-caffe\/","url":"https:\/\/www.aromatico.de\/coffeeworld\/interviews\/im-aromatico-interview-mamis-caffe\/","name":"Mamis Caff\u00e8 exklusiv im Interview in der Aromatico Coffee World","isPartOf":{"@id":"https:\/\/www.aromatico.de\/coffeeworld\/#website"},"datePublished":"2019-03-29T14:30:56+00:00","dateModified":"2022-11-23T14:37:31+00:00","description":"Menschen hautnah. Was sind pers\u00f6nliche Kaffeemomente? Was macht die Marke aus? Welche Philosophie steht hinter dem Gesch\u00e4ft? Mami's Caff\u00e8 antwortet.","breadcrumb":{"@id":"https:\/\/www.aromatico.de\/coffeeworld\/interviews\/im-aromatico-interview-mamis-caffe\/#breadcrumb"},"inLanguage":"de-DE","potentialAction":[{"@type":"ReadAction","target":["https:\/\/www.aromatico.de\/coffeeworld\/interviews\/im-aromatico-interview-mamis-caffe\/"]}]},{"@type":"BreadcrumbList","@id":"https:\/\/www.aromatico.de\/coffeeworld\/interviews\/im-aromatico-interview-mamis-caffe\/#breadcrumb","itemListElement":[{"@type":"ListItem","position":1,"name":"Home","item":"https:\/\/www.aromatico.de\/coffeeworld\/"},{"@type":"ListItem","position":2,"name":"Im Aromatico Interview: Mamis Caff\u00e8"}]},{"@type":"WebSite","@id":"https:\/\/www.aromatico.de\/coffeeworld\/#website","url":"https:\/\/www.aromatico.de\/coffeeworld\/","name":"Aromatico Coffee World Magazin","description":"","publisher":{"@id":"https:\/\/www.aromatico.de\/coffeeworld\/#organization"},"potentialAction":[{"@type":"SearchAction","target":{"@type":"EntryPoint","urlTemplate":"https:\/\/www.aromatico.de\/coffeeworld\/?s={search_term_string}"},"query-input":"required name=search_term_string"}],"inLanguage":"de-DE"},{"@type":"Organization","@id":"https:\/\/www.aromatico.de\/coffeeworld\/#organization","name":"Aromatico Heinrich Schwarz GmbH & Co. KG","url":"https:\/\/www.aromatico.de\/coffeeworld\/","logo":{"@type":"ImageObject","inLanguage":"de-DE","@id":"https:\/\/www.aromatico.de\/coffeeworld\/#\/schema\/logo\/image\/","url":"https:\/\/www.aromatico.de\/coffeeworld\/wp-content\/uploads\/2017\/07\/Aromatico-Coffee-World-Icon-512x512-Edges.png","contentUrl":"https:\/\/www.aromatico.de\/coffeeworld\/wp-content\/uploads\/2017\/07\/Aromatico-Coffee-World-Icon-512x512-Edges.png","width":512,"height":512,"caption":"Aromatico Heinrich Schwarz GmbH & Co. KG"},"image":{"@id":"https:\/\/www.aromatico.de\/coffeeworld\/#\/schema\/logo\/image\/"},"sameAs":["https:\/\/www.facebook.com\/aromatico.de\/"]},{"@type":"Person","@id":"https:\/\/www.aromatico.de\/coffeeworld\/#\/schema\/person\/68e3ca4e323f03099f97392ee063115f","name":"Carola","image":{"@type":"ImageObject","inLanguage":"de-DE","@id":"https:\/\/www.aromatico.de\/coffeeworld\/#\/schema\/person\/image\/","url":"https:\/\/secure.gravatar.com\/avatar\/eea88c020c85fb8a8bcb3559589a7339?s=96&d=mm&r=g","contentUrl":"https:\/\/secure.gravatar.com\/avatar\/eea88c020c85fb8a8bcb3559589a7339?s=96&d=mm&r=g","caption":"Carola"},"description":"Ich bin Carola und bei Aromatico f\u00fcr unser Coffee World Magazin zust\u00e4ndig. Ich bin \u00d6kotrophologin und liebe alles was mit Kaffee zusammenh\u00e4ngt.","url":"https:\/\/www.aromatico.de\/coffeeworld\/author\/skuppin\/"}]}},"_links":{"self":[{"href":"https:\/\/www.aromatico.de\/coffeeworld\/wp-json\/wp\/v2\/posts\/3269"}],"collection":[{"href":"https:\/\/www.aromatico.de\/coffeeworld\/wp-json\/wp\/v2\/posts"}],"about":[{"href":"https:\/\/www.aromatico.de\/coffeeworld\/wp-json\/wp\/v2\/types\/post"}],"author":[{"embeddable":true,"href":"https:\/\/www.aromatico.de\/coffeeworld\/wp-json\/wp\/v2\/users\/3"}],"replies":[{"embeddable":true,"href":"https:\/\/www.aromatico.de\/coffeeworld\/wp-json\/wp\/v2\/comments?post=3269"}],"version-history":[{"count":21,"href":"https:\/\/www.aromatico.de\/coffeeworld\/wp-json\/wp\/v2\/posts\/3269\/revisions"}],"predecessor-version":[{"id":12502,"href":"https:\/\/www.aromatico.de\/coffeeworld\/wp-json\/wp\/v2\/posts\/3269\/revisions\/12502"}],"wp:featuredmedia":[{"embeddable":true,"href":"https:\/\/www.aromatico.de\/coffeeworld\/wp-json\/wp\/v2\/media\/3277"}],"wp:attachment":[{"href":"https:\/\/www.aromatico.de\/coffeeworld\/wp-json\/wp\/v2\/media?parent=3269"}],"wp:term":[{"taxonomy":"category","embeddable":true,"href":"https:\/\/www.aromatico.de\/coffeeworld\/wp-json\/wp\/v2\/categories?post=3269"},{"taxonomy":"post_tag","embeddable":true,"href":"https:\/\/www.aromatico.de\/coffeeworld\/wp-json\/wp\/v2\/tags?post=3269"}],"curies":[{"name":"wp","href":"https:\/\/api.w.org\/{rel}","templated":true}]}}