{"id":3554,"date":"2019-09-26T08:00:15","date_gmt":"2019-09-26T06:00:15","guid":{"rendered":"https:\/\/www.aromatico.de\/coffeeworld\/?p=3554"},"modified":"2021-04-26T14:31:14","modified_gmt":"2021-04-26T12:31:14","slug":"kolumbien-das-kaffeedreieck","status":"publish","type":"post","link":"https:\/\/www.aromatico.de\/coffeeworld\/coffee\/kolumbien-das-kaffeedreieck\/","title":{"rendered":"Kolumbien: Entdeckungsreise ins Kaffeedreieck"},"content":{"rendered":"\n<p>Hochwertiger kolumbianischer Kaffee wird haupts\u00e4chlich in Zentralkolumbien, dem sogenannten Kaffeedreieck (Spanisch: Eje Cafetero) angebaut. Auf den Kaffeefarmen der Region dient der Tourismus vielen kleinen Kaffeeproduzenten als zus\u00e4tzliche Erwerbsquelle. Der Kaffeetourismus wird immer beliebter, denn das Interesse f\u00fcr das hochwertige Produkt und an den Arbeitsbedingungen vor Ort ist gro\u00df. Auf meiner Reise durch das Kaffeedreieck bin ich in die Kaffeekultur Kolumbiens eingetaucht. Ich bin Menschen begegnet, die mit Stolz und Leidenschaft Kaffee leben und die Kaffeeidentit\u00e4t dieses Landstrichs ausmachen. Ich war im M\u00e4rz 2018 im Kaffeedreieck unterwegs, warum es so hei\u00dft und welche Pl\u00e4tze mich beeindruckt haben, stelle ich euch hier vor.<\/p>\n\n\n\n<figure class=\"wp-block-image size-large\"><img loading=\"lazy\" decoding=\"async\" width=\"1024\" height=\"680\" src=\"https:\/\/www.aromatico.de\/coffeeworld\/wp-content\/uploads\/2019\/09\/Colombia-1-klein-1024x680.jpg\" alt=\"Kolumbien: Kaffeewald im Kaffeedreieck\" class=\"wp-image-3599\" srcset=\"https:\/\/www.aromatico.de\/coffeeworld\/wp-content\/uploads\/2019\/09\/Colombia-1-klein-1024x680.jpg 1024w, https:\/\/www.aromatico.de\/coffeeworld\/wp-content\/uploads\/2019\/09\/Colombia-1-klein-300x199.jpg 300w, https:\/\/www.aromatico.de\/coffeeworld\/wp-content\/uploads\/2019\/09\/Colombia-1-klein-768x510.jpg 768w, https:\/\/www.aromatico.de\/coffeeworld\/wp-content\/uploads\/2019\/09\/Colombia-1-klein-638x424.jpg 638w, https:\/\/www.aromatico.de\/coffeeworld\/wp-content\/uploads\/2019\/09\/Colombia-1-klein-135x90.jpg 135w, https:\/\/www.aromatico.de\/coffeeworld\/wp-content\/uploads\/2019\/09\/Colombia-1-klein.jpg 1027w\" sizes=\"(max-width: 1024px) 100vw, 1024px\" \/><figcaption>Kolumbien: Kaffeewald im Kaffeedreieck <sup>\u00a9<\/sup> Timm<\/figcaption><\/figure>\n\n\n\n<h2 class=\"wp-block-heading\" id=\"h-eje-cafetero-das-kaffeedreieck-meine-reise-ins-gr-ne-herz-kolumbiens\">Eje Cafetero das Kaffeedreieck: Meine Reise ins Gr\u00fcne Herz Kolumbiens<\/h2>\n\n\n\n<p>Das Kaffeedreieck ist die urspr\u00fcngliche Kaffeeregion Kolumbiens und liegt zwischen den Orten Manizales, Pereira und Ibague. Meine Reise begann am Rande des kolumbianischen Kaffeedreiecks, genauer gesagt in <a href=\"https:\/\/kolumbienblog.com\/jardin\/\">Jard\u00edn<\/a> im kolumbianischen Departamento Antioquia. Warum gerade in Jard\u00edn?<\/p>\n\n\n\n<p>Jardin ist ein malerisch sch\u00f6ner Ort mit farbenfroher Kolonialarchitektur und viel Kaffeetradition. Kaffee liegt den Bewohnern hier im Blut, der Platz im Herzen der kleinen Stadt ist das Wohnzimmer des Ortes. Auf bunten St\u00fchlen sitzt man auf der Stra\u00dfe und genie\u00dft Kaffee, der meist von einer der vielen kleinen Haciendas in der bergigen Umgebung Jard\u00edns stammt. Weiter ging es ins Gr\u00fcne Herz des Kaffeedreiecks, vorbei an Manizales, einer zugegebenerma\u00dfen eher grauen Stadt am Fu\u00dfe des \u00fcber 5000 Meter hohen, gletscherbedeckten Vulkans Nevado del Ru\u00edz.<\/p>\n\n\n\n<p>Wir erreichten Pereira, eine Stadt mit 500.000 Einwohnern zwischen Manizales und Armenia, westlich des Nationalparks Los Nevados mit seinen \u00fcber 5000 Meter hohen Gipfeln. Die N\u00e4he zu Vulkanen kombiniert mit dem milden Klima der Hochlagen schafft den N\u00e4hrboden f\u00fcr den wahrscheinlich besten Hochlandkaffee der Welt. Die gr\u00f6\u00dfte der 3 Kaffeemetropolen im Kaffeedreieck, Pereira, ist die Hauptstadt der Region und ein guter Ausgangspunkt, um die Thermalb\u00e4der von San Vicente im Nationalpark Los Nevados zu besuchen. Ein Ausflug zum nahegelegenen, provinz\u00fcberschreitenden Nationalpark Tatam\u00e1, in welchem man einen Besuch des botanischen Gartens von \u201eAlexander von Humboldt\u201c nicht vers\u00e4umen sollte, ist ebenfalls zu empfehlen.<\/p>\n\n\n\n<p>In Pereira lebt die Kaffeekultur, denn das Stra\u00dfenbild ist gepr\u00e4gt durch kuriose Jeeps. Die Einheimischen nennen ihn liebevoll Willy. Der Jeep hat eine lange Tradition in der Region und wird auf den Kaffeefarmen als Universal Fahrzeug eingesetzt.<\/p>\n\n\n\n<h2 class=\"wp-block-heading\" id=\"h-salento-wachspalmen-im-kaffeedreieck\">Salento \u2013Wachspalmen im Kaffeedreieck<\/h2>\n\n\n\n<p>Unsere n\u00e4chste Station war Salento, ein Dorf mit 7000 Einwohnern, an einem Hang gelegen. Das Leben hier ist beschaulicher und konzentriert sich auf den Hauptplatz des Ortes. Wahrzeichen im Zentrum des Ortes ist die Kirche und drum herum reihen sich Bars und Restaurants aneinander. Es herrscht eine sehr entspannte Atmosph\u00e4re, die zum gen\u00fcsslichen Kaffee trinken einl\u00e4dt. Die kleinen Caf\u00e9s werden oft von lokalen Kaffeebauern betrieben. Mein Insidertipp: Das Caf\u00e9 Jesus Martin, denn dort gibt es den <a href=\"https:\/\/www.aromatico.de\/espresso\/\">besten Espresso<\/a> im ganzen Ort. Das kleine Caf\u00e9 finden Sie in einer Nebenstra\u00dfe des Marktplatzes. Au\u00dferdem bietet der Inhaber pers\u00f6nlich <a href=\"https:\/\/kolumbienblog.com\/8-traumhafte-kaffeefincas-mit-tourenangebot\/\">Kaffeetouren<\/a> an \u2013 bei dieser erhaltet ihr einen sehr guten Einblick in die Kaffeetradition der Region und in den Herstellungsprozess von Kaffee.<\/p>\n\n\n\n<p>Salento ist aber auch Ausgangspunkt f\u00fcr Wanderungen in das ber\u00fchmte Cocora Tal, wo Kolumbiens Nationalbaum die Quindio-Wachspalme steht. Wachspalmen sind eine Pflanzenart aus der Familie der Palmengew\u00e4chse. Sie wurde 1801 von Alexander von Humboldt entdeckt und ist in Kolumbien heimisch. Die Wachspalmen bei Salento sind ca. 70 Meter hoch, schmal und die h\u00f6chsten Palmen der Welt. Diese Palmen wachsen nur in dieser Region und sind daher eine Touristenattraktion. Es kann hier also etwas voller werden, am besten legt man den Besuch auf einen Wochentag, um diesen atemberaubenden Anblick in Ruhe bestaunen zu k\u00f6nnen.<\/p>\n\n\n\n<h2 class=\"wp-block-heading\" id=\"h-hohe-lagen-und-guter-kaffee-unter-der-sonne-kolumbiens\">Hohe Lagen und guter Kaffee unter der Sonne Kolumbiens<\/h2>\n\n\n\n<div class=\"wp-block-image\"><figure class=\"alignleft size-large is-resized\"><img loading=\"lazy\" decoding=\"async\" src=\"https:\/\/www.aromatico.de\/coffeeworld\/wp-content\/uploads\/2019\/09\/Colombia-cafe.jpg\" alt=\"Kaffeekirschen\" class=\"wp-image-3600\" width=\"236\" height=\"358\" srcset=\"https:\/\/www.aromatico.de\/coffeeworld\/wp-content\/uploads\/2019\/09\/Colombia-cafe.jpg 448w, https:\/\/www.aromatico.de\/coffeeworld\/wp-content\/uploads\/2019\/09\/Colombia-cafe-198x300.jpg 198w, https:\/\/www.aromatico.de\/coffeeworld\/wp-content\/uploads\/2019\/09\/Colombia-cafe-280x424.jpg 280w\" sizes=\"(max-width: 236px) 100vw, 236px\" \/><figcaption>Kaffeekirschen <sup>\u00a9<\/sup> Timm<\/figcaption><\/figure><\/div>\n\n\n\n<p>Meine n\u00e4chste Station f\u00fchrte mich in die Departements Caldas, Risaralda und Quind\u00edo. Hier finden sich klimatisch perfekte Bedingungen f\u00fcr den Kaffeeanbau. In einer die H\u00f6he von 1200 bis etwa 2000 Metern wird der Kaffee hier \u00fcberwiegend von <a href=\"https:\/\/www.aromatico.de\/coffeeworld\/coffee\/kaffee-ernte-in-kolumbien-so-viel-arbeit-steckt-im-kaffee\">Kleinbauern<\/a> angebaut, die eine Anbaufl\u00e4che von unter 5 Hektar besitzen. Um Monokulturen zu verhindern wird aber nicht nur Kaffee angebaut, sondern auch viele Bananenstauden und andere Pflanzen. Um die B\u00f6den fruchtbar zu halten, Wasser zu sammeln und zu konservieren und Insekten und V\u00f6gel anzulocken bedarf es eines ausgekl\u00fcgelten Systems. Gepfl\u00fcckt wird in aufw\u00e4ndiger Handarbeit, doch von der Bohne zum trinkfertigen Kaffee ist es ein langer Prozess. Erst wird die Bohne gesch\u00e4lt, dann fermentiert, getrocknet und zum Schluss ger\u00f6stet. Die Trocknung allein dauert je nach Wetter zwischen 8 und 15 Tage und geschieht in der sengenden Sonne der kolumbianischen Anden. Dazu werden gro\u00dfe Innenh\u00f6fe genutzt, aber um den Kaffee vor den am \u00c4quator \u00fcblichen Regenschauern zu sch\u00fctzen werden mobile D\u00e4cher eingesetzt. Wenn der Kaffee fertig verarbeitet wurde, wird er \u00fcberwiegend exportiert.<\/p>\n\n\n\n<p>Die Kolumbianer selbst konsumieren zu gro\u00dfen Teilen den sogenannten Tinto, eine d\u00fcnne R\u00f6stung minderwertiger Bohnen. Erst in den letzten Jahren entwickelte sich ein Bewusstsein f\u00fcr Kaffeegenuss, vor allem in den gro\u00dfen St\u00e4dten wie Bogot\u00e1 oder Medell\u00edn aber auch in den Kaffeeregionen selbst. Man muss aber auch wissen, dass in Kolumbien im Gegensatz zu Europa eher helle R\u00f6stungen beliebt sind, die Geschm\u00e4cker sind einfach grundverschieden.<\/p>\n\n\n\n<h2 class=\"wp-block-heading\" id=\"h-mein-fazit-das-kaffeedreieck-ist-kaffeeidentit-t-pur\">Mein Fazit: Das Kaffeedreieck ist Kaffeeidentit\u00e4t pur<\/h2>\n\n\n\n<p>Nicht nur f\u00fcr Naturliebhaber sondern gerade f\u00fcr Kaffeeliebhaber bietet Kolumbien so viel wie kaum ein anderes Land, denn hier geh\u00f6rt der Kaffee nicht nur zur Kultur sondern auch zum Lebensalltag der Menschen. Nicht ohne Grund wurde das Kaffeedreieck 2011 von der UNESCO auf die Liste der Weltkulturst\u00e4tten gesetzt, laut dem Nominierungstext liegt hier das Herz Kolumbiens. Meine Erfahrung ist: hier schl\u00e4gt das Kaffeeherz Kolumbiens.<\/p>\n\n\n\n<h2 class=\"wp-block-heading\" id=\"h-zusammenfassung\">Zusammenfassung:<\/h2>\n\n\n\n<ul><li>Kolumbien ist eines der gr\u00f6\u00dften Anbaul\u00e4nder der Welt<\/li><li>Hier wird nur Kaffee der Sorte Arabica angebaut und exportiert<\/li><li>Hauptanbauregion im Land ist das sogenannte Kaffeedreieck im Zentrum des Landes<\/li><li>Viele Kaffeebauern setzen auf den Tourismus in Form von \u00dcbernachtungen und F\u00fchrungen durch die Kaffeeplantagen<\/li><li>Kaffeeanbau wird haupts\u00e4chlich durch Kleinbauern betrieben, die weniger als 5 Hektar Land besitzen<\/li><li>2011 wurde die Region aufgrund ihrer Einzigartigkeit zum UNESCO Weltkulturerbe erkl\u00e4rt<\/li><\/ul>\n\n\n\n<p><\/p>\n\n\n","protected":false},"excerpt":{"rendered":"<p>Hochwertiger kolumbianischer Kaffee wird haupts\u00e4chlich in Zentralkolumbien, dem sogenannten Kaffeedreieck (Spanisch: Eje Cafetero) angebaut. Auf den Kaffeefarmen der Region dient der Tourismus vielen kleinen Kaffeeproduzenten als zus\u00e4tzliche Erwerbsquelle. Der Kaffeetourismus wird immer beliebter, denn das Interesse f\u00fcr das hochwertige Produkt und an den Arbeitsbedingungen vor Ort ist gro\u00df. Auf meiner Reise durch das Kaffeedreieck bin&hellip;<\/p>\n","protected":false},"author":15,"featured_media":3601,"comment_status":"open","ping_status":"closed","sticky":false,"template":"","format":"standard","meta":{"wprm-recipe-roundup-name":"","wprm-recipe-roundup-description":"","footnotes":""},"categories":[1,71],"tags":[239,238,237,129,165],"yoast_head":"<!-- This site is optimized with the Yoast SEO Premium plugin v21.6 (Yoast SEO v21.6) - https:\/\/yoast.com\/wordpress\/plugins\/seo\/ -->\n<title>Kolumbien: Eine Reise ins Kaffeedreieck \u2013 Aromatico Coffee World<\/title>\n<meta name=\"description\" content=\"Kolumbien: Im Kaffeedreieck wird Kaffeeidentit\u00e4t gelebt, kommt mit auf die Entdeckungsreise ins gr\u00fcne Kaffeeherz Kolumbiens\" \/>\n<meta name=\"robots\" content=\"index, follow, max-snippet:-1, max-image-preview:large, max-video-preview:-1\" \/>\n<link rel=\"canonical\" href=\"https:\/\/www.aromatico.de\/coffeeworld\/coffee\/kolumbien-das-kaffeedreieck\/\" \/>\n<meta property=\"og:locale\" content=\"de_DE\" \/>\n<meta property=\"og:type\" content=\"article\" \/>\n<meta property=\"og:title\" content=\"Kolumbien: Entdeckungsreise ins Kaffeedreieck\" \/>\n<meta property=\"og:description\" content=\"Kolumbien: Im Kaffeedreieck wird Kaffeeidentit\u00e4t gelebt, kommt mit auf die Entdeckungsreise ins gr\u00fcne Kaffeeherz Kolumbiens\" \/>\n<meta property=\"og:url\" content=\"https:\/\/www.aromatico.de\/coffeeworld\/coffee\/kolumbien-das-kaffeedreieck\/\" \/>\n<meta property=\"og:site_name\" content=\"Aromatico Coffee World Magazin\" \/>\n<meta property=\"article:publisher\" content=\"https:\/\/www.facebook.com\/aromatico.de\/\" \/>\n<meta property=\"article:published_time\" content=\"2019-09-26T06:00:15+00:00\" \/>\n<meta property=\"article:modified_time\" content=\"2021-04-26T12:31:14+00:00\" \/>\n<meta property=\"og:image\" content=\"https:\/\/www.aromatico.de\/coffeeworld\/wp-content\/uploads\/2019\/09\/IMG_6978-1.jpg\" \/>\n\t<meta property=\"og:image:width\" content=\"1200\" \/>\n\t<meta property=\"og:image:height\" content=\"800\" \/>\n\t<meta property=\"og:image:type\" content=\"image\/jpeg\" \/>\n<meta name=\"author\" content=\"Timm\" \/>\n<meta name=\"twitter:card\" content=\"summary_large_image\" \/>\n<meta name=\"twitter:label1\" content=\"Verfasst von\" \/>\n\t<meta name=\"twitter:data1\" content=\"Timm\" \/>\n\t<meta name=\"twitter:label2\" content=\"Gesch\u00e4tzte Lesezeit\" \/>\n\t<meta name=\"twitter:data2\" content=\"5 Minuten\" \/>\n<script type=\"application\/ld+json\" class=\"yoast-schema-graph\">{\"@context\":\"https:\/\/schema.org\",\"@graph\":[{\"@type\":\"Article\",\"@id\":\"https:\/\/www.aromatico.de\/coffeeworld\/coffee\/kolumbien-das-kaffeedreieck\/#article\",\"isPartOf\":{\"@id\":\"https:\/\/www.aromatico.de\/coffeeworld\/coffee\/kolumbien-das-kaffeedreieck\/\"},\"author\":{\"name\":\"Timm\",\"@id\":\"https:\/\/www.aromatico.de\/coffeeworld\/#\/schema\/person\/60d41eb74082105aa7bdedac2ea1c58d\"},\"headline\":\"Kolumbien: Entdeckungsreise ins Kaffeedreieck\",\"datePublished\":\"2019-09-26T06:00:15+00:00\",\"dateModified\":\"2021-04-26T12:31:14+00:00\",\"mainEntityOfPage\":{\"@id\":\"https:\/\/www.aromatico.de\/coffeeworld\/coffee\/kolumbien-das-kaffeedreieck\/\"},\"wordCount\":1036,\"commentCount\":1,\"publisher\":{\"@id\":\"https:\/\/www.aromatico.de\/coffeeworld\/#organization\"},\"keywords\":[\"Anden\",\"Kaffeebauer\",\"Kaffeedreieck\",\"Kolumbien\",\"Kultur\"],\"articleSection\":[\"Coffee\",\"World\"],\"inLanguage\":\"de-DE\",\"potentialAction\":[{\"@type\":\"CommentAction\",\"name\":\"Comment\",\"target\":[\"https:\/\/www.aromatico.de\/coffeeworld\/coffee\/kolumbien-das-kaffeedreieck\/#respond\"]}]},{\"@type\":\"WebPage\",\"@id\":\"https:\/\/www.aromatico.de\/coffeeworld\/coffee\/kolumbien-das-kaffeedreieck\/\",\"url\":\"https:\/\/www.aromatico.de\/coffeeworld\/coffee\/kolumbien-das-kaffeedreieck\/\",\"name\":\"Kolumbien: Eine Reise ins Kaffeedreieck \u2013 Aromatico Coffee World\",\"isPartOf\":{\"@id\":\"https:\/\/www.aromatico.de\/coffeeworld\/#website\"},\"datePublished\":\"2019-09-26T06:00:15+00:00\",\"dateModified\":\"2021-04-26T12:31:14+00:00\",\"description\":\"Kolumbien: Im Kaffeedreieck wird Kaffeeidentit\u00e4t gelebt, kommt mit auf die Entdeckungsreise ins gr\u00fcne Kaffeeherz Kolumbiens\",\"breadcrumb\":{\"@id\":\"https:\/\/www.aromatico.de\/coffeeworld\/coffee\/kolumbien-das-kaffeedreieck\/#breadcrumb\"},\"inLanguage\":\"de-DE\",\"potentialAction\":[{\"@type\":\"ReadAction\",\"target\":[\"https:\/\/www.aromatico.de\/coffeeworld\/coffee\/kolumbien-das-kaffeedreieck\/\"]}]},{\"@type\":\"BreadcrumbList\",\"@id\":\"https:\/\/www.aromatico.de\/coffeeworld\/coffee\/kolumbien-das-kaffeedreieck\/#breadcrumb\",\"itemListElement\":[{\"@type\":\"ListItem\",\"position\":1,\"name\":\"Home\",\"item\":\"https:\/\/www.aromatico.de\/coffeeworld\/\"},{\"@type\":\"ListItem\",\"position\":2,\"name\":\"Kolumbien: Entdeckungsreise ins Kaffeedreieck\"}]},{\"@type\":\"WebSite\",\"@id\":\"https:\/\/www.aromatico.de\/coffeeworld\/#website\",\"url\":\"https:\/\/www.aromatico.de\/coffeeworld\/\",\"name\":\"Aromatico Coffee World Magazin\",\"description\":\"\",\"publisher\":{\"@id\":\"https:\/\/www.aromatico.de\/coffeeworld\/#organization\"},\"potentialAction\":[{\"@type\":\"SearchAction\",\"target\":{\"@type\":\"EntryPoint\",\"urlTemplate\":\"https:\/\/www.aromatico.de\/coffeeworld\/?s={search_term_string}\"},\"query-input\":\"required name=search_term_string\"}],\"inLanguage\":\"de-DE\"},{\"@type\":\"Organization\",\"@id\":\"https:\/\/www.aromatico.de\/coffeeworld\/#organization\",\"name\":\"Aromatico Heinrich Schwarz GmbH & Co. KG\",\"url\":\"https:\/\/www.aromatico.de\/coffeeworld\/\",\"logo\":{\"@type\":\"ImageObject\",\"inLanguage\":\"de-DE\",\"@id\":\"https:\/\/www.aromatico.de\/coffeeworld\/#\/schema\/logo\/image\/\",\"url\":\"https:\/\/www.aromatico.de\/coffeeworld\/wp-content\/uploads\/2017\/07\/Aromatico-Coffee-World-Icon-512x512-Edges.png\",\"contentUrl\":\"https:\/\/www.aromatico.de\/coffeeworld\/wp-content\/uploads\/2017\/07\/Aromatico-Coffee-World-Icon-512x512-Edges.png\",\"width\":512,\"height\":512,\"caption\":\"Aromatico Heinrich Schwarz GmbH & Co. KG\"},\"image\":{\"@id\":\"https:\/\/www.aromatico.de\/coffeeworld\/#\/schema\/logo\/image\/\"},\"sameAs\":[\"https:\/\/www.facebook.com\/aromatico.de\/\"]},{\"@type\":\"Person\",\"@id\":\"https:\/\/www.aromatico.de\/coffeeworld\/#\/schema\/person\/60d41eb74082105aa7bdedac2ea1c58d\",\"name\":\"Timm\",\"image\":{\"@type\":\"ImageObject\",\"inLanguage\":\"de-DE\",\"@id\":\"https:\/\/www.aromatico.de\/coffeeworld\/#\/schema\/person\/image\/\",\"url\":\"https:\/\/secure.gravatar.com\/avatar\/8e4f6f3274c89d6c9a33a418e1c81928?s=96&d=mm&r=g\",\"contentUrl\":\"https:\/\/secure.gravatar.com\/avatar\/8e4f6f3274c89d6c9a33a418e1c81928?s=96&d=mm&r=g\",\"caption\":\"Timm\"},\"description\":\"Ich bin Timm und habe Internationales Management und Marketing studiert. Bei Aromatico arbeite ich als Junior Brand Manager. Kaffee liegt in meiner DNA. Ich bin in eine Bremer Kaffeefamilie hineingeboren und habe meine Wurzeln in Kolumbien. Kaffee ist meine gro\u00dfe Leidenschaft.\",\"url\":\"https:\/\/www.aromatico.de\/coffeeworld\/author\/timm\/\"}]}<\/script>\n<!-- \/ Yoast SEO Premium plugin. -->","yoast_head_json":{"title":"Kolumbien: Eine Reise ins Kaffeedreieck \u2013 Aromatico Coffee World","description":"Kolumbien: Im Kaffeedreieck wird Kaffeeidentit\u00e4t gelebt, kommt mit auf die Entdeckungsreise ins gr\u00fcne Kaffeeherz Kolumbiens","robots":{"index":"index","follow":"follow","max-snippet":"max-snippet:-1","max-image-preview":"max-image-preview:large","max-video-preview":"max-video-preview:-1"},"canonical":"https:\/\/www.aromatico.de\/coffeeworld\/coffee\/kolumbien-das-kaffeedreieck\/","og_locale":"de_DE","og_type":"article","og_title":"Kolumbien: Entdeckungsreise ins Kaffeedreieck","og_description":"Kolumbien: Im Kaffeedreieck wird Kaffeeidentit\u00e4t gelebt, kommt mit auf die Entdeckungsreise ins gr\u00fcne Kaffeeherz Kolumbiens","og_url":"https:\/\/www.aromatico.de\/coffeeworld\/coffee\/kolumbien-das-kaffeedreieck\/","og_site_name":"Aromatico Coffee World Magazin","article_publisher":"https:\/\/www.facebook.com\/aromatico.de\/","article_published_time":"2019-09-26T06:00:15+00:00","article_modified_time":"2021-04-26T12:31:14+00:00","og_image":[{"width":1200,"height":800,"url":"https:\/\/www.aromatico.de\/coffeeworld\/wp-content\/uploads\/2019\/09\/IMG_6978-1.jpg","type":"image\/jpeg"}],"author":"Timm","twitter_card":"summary_large_image","twitter_misc":{"Verfasst von":"Timm","Gesch\u00e4tzte Lesezeit":"5 Minuten"},"schema":{"@context":"https:\/\/schema.org","@graph":[{"@type":"Article","@id":"https:\/\/www.aromatico.de\/coffeeworld\/coffee\/kolumbien-das-kaffeedreieck\/#article","isPartOf":{"@id":"https:\/\/www.aromatico.de\/coffeeworld\/coffee\/kolumbien-das-kaffeedreieck\/"},"author":{"name":"Timm","@id":"https:\/\/www.aromatico.de\/coffeeworld\/#\/schema\/person\/60d41eb74082105aa7bdedac2ea1c58d"},"headline":"Kolumbien: Entdeckungsreise ins Kaffeedreieck","datePublished":"2019-09-26T06:00:15+00:00","dateModified":"2021-04-26T12:31:14+00:00","mainEntityOfPage":{"@id":"https:\/\/www.aromatico.de\/coffeeworld\/coffee\/kolumbien-das-kaffeedreieck\/"},"wordCount":1036,"commentCount":1,"publisher":{"@id":"https:\/\/www.aromatico.de\/coffeeworld\/#organization"},"keywords":["Anden","Kaffeebauer","Kaffeedreieck","Kolumbien","Kultur"],"articleSection":["Coffee","World"],"inLanguage":"de-DE","potentialAction":[{"@type":"CommentAction","name":"Comment","target":["https:\/\/www.aromatico.de\/coffeeworld\/coffee\/kolumbien-das-kaffeedreieck\/#respond"]}]},{"@type":"WebPage","@id":"https:\/\/www.aromatico.de\/coffeeworld\/coffee\/kolumbien-das-kaffeedreieck\/","url":"https:\/\/www.aromatico.de\/coffeeworld\/coffee\/kolumbien-das-kaffeedreieck\/","name":"Kolumbien: Eine Reise ins Kaffeedreieck \u2013 Aromatico Coffee World","isPartOf":{"@id":"https:\/\/www.aromatico.de\/coffeeworld\/#website"},"datePublished":"2019-09-26T06:00:15+00:00","dateModified":"2021-04-26T12:31:14+00:00","description":"Kolumbien: Im Kaffeedreieck wird Kaffeeidentit\u00e4t gelebt, kommt mit auf die Entdeckungsreise ins gr\u00fcne Kaffeeherz Kolumbiens","breadcrumb":{"@id":"https:\/\/www.aromatico.de\/coffeeworld\/coffee\/kolumbien-das-kaffeedreieck\/#breadcrumb"},"inLanguage":"de-DE","potentialAction":[{"@type":"ReadAction","target":["https:\/\/www.aromatico.de\/coffeeworld\/coffee\/kolumbien-das-kaffeedreieck\/"]}]},{"@type":"BreadcrumbList","@id":"https:\/\/www.aromatico.de\/coffeeworld\/coffee\/kolumbien-das-kaffeedreieck\/#breadcrumb","itemListElement":[{"@type":"ListItem","position":1,"name":"Home","item":"https:\/\/www.aromatico.de\/coffeeworld\/"},{"@type":"ListItem","position":2,"name":"Kolumbien: Entdeckungsreise ins Kaffeedreieck"}]},{"@type":"WebSite","@id":"https:\/\/www.aromatico.de\/coffeeworld\/#website","url":"https:\/\/www.aromatico.de\/coffeeworld\/","name":"Aromatico Coffee World Magazin","description":"","publisher":{"@id":"https:\/\/www.aromatico.de\/coffeeworld\/#organization"},"potentialAction":[{"@type":"SearchAction","target":{"@type":"EntryPoint","urlTemplate":"https:\/\/www.aromatico.de\/coffeeworld\/?s={search_term_string}"},"query-input":"required name=search_term_string"}],"inLanguage":"de-DE"},{"@type":"Organization","@id":"https:\/\/www.aromatico.de\/coffeeworld\/#organization","name":"Aromatico Heinrich Schwarz GmbH & Co. KG","url":"https:\/\/www.aromatico.de\/coffeeworld\/","logo":{"@type":"ImageObject","inLanguage":"de-DE","@id":"https:\/\/www.aromatico.de\/coffeeworld\/#\/schema\/logo\/image\/","url":"https:\/\/www.aromatico.de\/coffeeworld\/wp-content\/uploads\/2017\/07\/Aromatico-Coffee-World-Icon-512x512-Edges.png","contentUrl":"https:\/\/www.aromatico.de\/coffeeworld\/wp-content\/uploads\/2017\/07\/Aromatico-Coffee-World-Icon-512x512-Edges.png","width":512,"height":512,"caption":"Aromatico Heinrich Schwarz GmbH & Co. KG"},"image":{"@id":"https:\/\/www.aromatico.de\/coffeeworld\/#\/schema\/logo\/image\/"},"sameAs":["https:\/\/www.facebook.com\/aromatico.de\/"]},{"@type":"Person","@id":"https:\/\/www.aromatico.de\/coffeeworld\/#\/schema\/person\/60d41eb74082105aa7bdedac2ea1c58d","name":"Timm","image":{"@type":"ImageObject","inLanguage":"de-DE","@id":"https:\/\/www.aromatico.de\/coffeeworld\/#\/schema\/person\/image\/","url":"https:\/\/secure.gravatar.com\/avatar\/8e4f6f3274c89d6c9a33a418e1c81928?s=96&d=mm&r=g","contentUrl":"https:\/\/secure.gravatar.com\/avatar\/8e4f6f3274c89d6c9a33a418e1c81928?s=96&d=mm&r=g","caption":"Timm"},"description":"Ich bin Timm und habe Internationales Management und Marketing studiert. Bei Aromatico arbeite ich als Junior Brand Manager. Kaffee liegt in meiner DNA. Ich bin in eine Bremer Kaffeefamilie hineingeboren und habe meine Wurzeln in Kolumbien. Kaffee ist meine gro\u00dfe Leidenschaft.","url":"https:\/\/www.aromatico.de\/coffeeworld\/author\/timm\/"}]}},"_links":{"self":[{"href":"https:\/\/www.aromatico.de\/coffeeworld\/wp-json\/wp\/v2\/posts\/3554"}],"collection":[{"href":"https:\/\/www.aromatico.de\/coffeeworld\/wp-json\/wp\/v2\/posts"}],"about":[{"href":"https:\/\/www.aromatico.de\/coffeeworld\/wp-json\/wp\/v2\/types\/post"}],"author":[{"embeddable":true,"href":"https:\/\/www.aromatico.de\/coffeeworld\/wp-json\/wp\/v2\/users\/15"}],"replies":[{"embeddable":true,"href":"https:\/\/www.aromatico.de\/coffeeworld\/wp-json\/wp\/v2\/comments?post=3554"}],"version-history":[{"count":17,"href":"https:\/\/www.aromatico.de\/coffeeworld\/wp-json\/wp\/v2\/posts\/3554\/revisions"}],"predecessor-version":[{"id":7187,"href":"https:\/\/www.aromatico.de\/coffeeworld\/wp-json\/wp\/v2\/posts\/3554\/revisions\/7187"}],"wp:featuredmedia":[{"embeddable":true,"href":"https:\/\/www.aromatico.de\/coffeeworld\/wp-json\/wp\/v2\/media\/3601"}],"wp:attachment":[{"href":"https:\/\/www.aromatico.de\/coffeeworld\/wp-json\/wp\/v2\/media?parent=3554"}],"wp:term":[{"taxonomy":"category","embeddable":true,"href":"https:\/\/www.aromatico.de\/coffeeworld\/wp-json\/wp\/v2\/categories?post=3554"},{"taxonomy":"post_tag","embeddable":true,"href":"https:\/\/www.aromatico.de\/coffeeworld\/wp-json\/wp\/v2\/tags?post=3554"}],"curies":[{"name":"wp","href":"https:\/\/api.w.org\/{rel}","templated":true}]}}