{"id":4685,"date":"2020-10-28T15:35:24","date_gmt":"2020-10-28T14:35:24","guid":{"rendered":"https:\/\/www.aromatico.de\/coffeeworld\/?p=4685"},"modified":"2022-11-25T11:46:43","modified_gmt":"2022-11-25T10:46:43","slug":"im-aromatico-test-der-supremo-top-massai","status":"publish","type":"post","link":"https:\/\/www.aromatico.de\/coffeeworld\/produkttests\/im-aromatico-test-der-supremo-top-massai\/","title":{"rendered":"Im Aromatico Test: Der Supremo Top Massai"},"content":{"rendered":"<div class=\"wpb-content-wrapper\"><p>[vc_row][vc_column][vc_column_text]<\/p>\n<p>Herz und Leidenschaft: Das ist es, was\u00a0<a href=\"https:\/\/www.aromatico.de\/roesterei\/supremo\/\" target=\"_blank\" rel=\"noreferrer noopener\">Supremo<\/a>\u00a0bei der Auswahl und Herstellung hochqualitativer Kaffees antreibt. Mit viel Erfolg ist die R\u00f6sterei aus dem kleinen Unterhaching bei M\u00fcnchen schon seit 2005 \u00fcberall auf der Welt unterwegs, um ideale Partner f\u00fcr die Kaffeeherstellung zu finden. So gibt es wohl nur wenige andere R\u00f6stereien, die so engen Kontakt zu ihren Kaffeebauern haben wie\u00a0<a href=\"https:\/\/www.aromatico.de\/roesterei\/supremo\/\" target=\"_blank\" rel=\"noreferrer noopener\">Supremo<\/a>. Und es funktioniert: Supremo ist mittlerweile zu einer absoluten Gr\u00f6\u00dfe in der Welt der\u00a0<a href=\"https:\/\/sca.coffee\/research\/what-is-specialty-coffee\" target=\"_blank\" rel=\"noreferrer noopener\">Spezialit\u00e4tenkaffees<\/a>\u00a0geworden. Eines der Flagschiffe von Supremo, den Top Massai aus Kenia, haben wir f\u00fcr Euch getestet.<\/p>\n<p>[\/vc_column_text][\/vc_column][\/vc_row][vc_row][vc_column][vc_custom_heading text=&#8220;KLASSISCHE FARBEN&#8220; use_theme_fonts=&#8220;yes&#8220;][\/vc_column][\/vc_row][vc_row][vc_column width=&#8220;2\/3&#8243;][vc_column_text]<\/p>\n<p>Die Verpackung des Top Massai f\u00e4llt in unserem Test durch ein praktischer Schlauchbeutel, vor allem aber durch ihre gl\u00e4nzenden, dunklen Farben auf: Die schwarze Verpackung mit dem lilafarbenen Label erinnert stark an so manche bekannte klassische Kaffeeverpackung. Von innen mit einer Alu-Beschichtung ausgestattet, sorgt ein Aromaventil f\u00fcr die richtige Luftzirkulation in der Verpackung. Zudem informiert die Verpackung mit zahlreichen Hinweisen zur Herkunft und zum\u00a0<a href=\"https:\/\/www.kaffeeverband.de\/de\/kaffeewissen\/kaffeezubereitung#kaffeewissen-slider-1\" target=\"_blank\" rel=\"noreferrer noopener\">Aroma\u00a0<\/a>des Kaffees, wobei allerdings leider nicht \u00fcber geeignete\u00a0<a href=\"https:\/\/www.aromatico.de\/kaffeeberatung\/zubereitung\/\" target=\"_blank\" rel=\"noreferrer noopener\">Zubereitungsarten<\/a>\u00a0informiert wird.<\/p>\n<p>[\/vc_column_text][\/vc_column][vc_column width=&#8220;1\/3&#8243;][ahs_product_img_url id=&#8220;103636&#8243;][\/vc_column][\/vc_row][vc_row][vc_column][vc_custom_heading text=&#8220;HOMOGENES BOHNENBILD: SO SIEHT DER TOP MASSAI BEI UNS IM TEST AUS&#8220; use_theme_fonts=&#8220;yes&#8220;][\/vc_column][\/vc_row][vc_row][vc_column][vc_column_text]<\/p>\n<p>Das Bohnenbild des Top Massai aus unserem Test l\u00e4sst sich insgesamt als gleichm\u00e4\u00dfig beschreiben. Mit einigen wenigen Ausnahmen sind die Bohnen wunderbar homogen zueinander und \u00fcberzeugen auch durch eine angenehm\u00a0<a href=\"https:\/\/www.aromatico.de\/kaffeeberatung\/wissen\/roestung\/\" target=\"_blank\" rel=\"noreferrer noopener\">helle R\u00f6stung<\/a>.<\/p>\n<p>[\/vc_column_text][\/vc_column][\/vc_row][vc_row][vc_column][vc_single_image image=&#8220;5454&#8243; img_size=&#8220;large&#8220; add_caption=&#8220;yes&#8220; alignment=&#8220;center&#8220;][\/vc_column][\/vc_row][vc_row][vc_column][vc_custom_heading text=&#8220;FRUCHTIG-ERDIGE NOTEN&#8220; use_theme_fonts=&#8220;yes&#8220;][\/vc_column][\/vc_row][vc_row][vc_column][vc_column_text]<\/p>\n<p>Bei \u00d6ffnung des Kaffees begr\u00fc\u00dft uns dieser mit angenehm\u00a0<a href=\"https:\/\/www.aromatico.de\/kaffeeberatung\/wissen\/aromarad\/\" target=\"_blank\" rel=\"noreferrer noopener\">erdigen Noten<\/a>, denen sich\u00a0<a href=\"https:\/\/www.aromatico.de\/kaffeeberatung\/wissen\/aromarad\/\" target=\"_blank\" rel=\"noreferrer noopener\">fruchtige Noten<\/a>, insbesondere die von\u00a0<a href=\"https:\/\/www.aromatico.de\/kaffeeberatung\/wissen\/aromarad\/\" target=\"_blank\" rel=\"noreferrer noopener\">Beeren<\/a>, anschlie\u00dfen. Bei dem Verkosten des Top Massai verst\u00e4rken sich diese fruchtigen Noten noch weiter und werden mit einer guten Schuss an\u00a0<a href=\"https:\/\/www.aromatico.de\/kaffeeberatung\/wissen\/aromarad\/\" target=\"_blank\" rel=\"noreferrer noopener\">S\u00e4ure<\/a>\u00a0gepaart. So zeichnet sich der Top Massai im Test durch eine leichte, aber nicht zu starke Betonung\u00a0<a href=\"https:\/\/www.aromatico.de\/kaffeeberatung\/wissen\/aromarad\/\">kr\u00e4ftiger<\/a>\u00a0<a href=\"https:\/\/www.aromatico.de\/kaffeeberatung\/wissen\/aromarad\/\" target=\"_blank\" rel=\"noreferrer noopener\">Noten<\/a>\u00a0aus.<\/p>\n<p>[\/vc_column_text][\/vc_column][\/vc_row][vc_row][vc_column][vc_custom_heading text=&#8220;STARKE S\u00c4URE F\u00dcR STARKEN AUSDRUCK&#8220; use_theme_fonts=&#8220;yes&#8220;][\/vc_column][\/vc_row][vc_row][vc_column][vc_column_text]<\/p>\n<p>F\u00fcr diejenigen, die anstatt von Milde eher etwas St\u00e4rke bevorzugen, ist dieser Kaffee f\u00fcr einen klassischen Filterkaffee genau das Richtige. Der\u00a0<a href=\"https:\/\/www.aromatico.de\/roesterei\/supremo\/\" target=\"_blank\" rel=\"noreferrer noopener\">Supremo<\/a>\u00a0Top Massai zeichnet sich in unserem Test vor allem durch seine Paarung von kr\u00e4ftiger S\u00e4ure mit\u00a0<a href=\"https:\/\/www.aromatico.de\/kaffeeberatung\/wissen\/aromarad\/\" target=\"_blank\" rel=\"noreferrer noopener\">leckeren Fruchtnoten<\/a>\u00a0aus.<\/p>\n<p>[\/vc_column_text][\/vc_column][\/vc_row][vc_row][vc_column][vc_single_image image=&#8220;5747&#8243; img_size=&#8220;full&#8220; add_caption=&#8220;yes&#8220; alignment=&#8220;center&#8220;][\/vc_column][\/vc_row][vc_row][vc_column][vc_custom_heading text=&#8220;DIE ZUBEREITUNG IN UNSERER AROMATICO CAFF\u00c9 BAR&#8220; use_theme_fonts=&#8220;yes&#8220;][\/vc_column][\/vc_row][vc_row][vc_column][vc_column_text]<\/p>\n<p>Auch bei dem Top Massai Test haben wir nat\u00fcrlich wieder auf die Ressourcen unserer Caff\u00e9 Bar in Bremen zur\u00fcckgegriffen. Bei\u00a0<a href=\"https:\/\/www.aromatico.de\/kaffeeberatung\/wissen\/mahlgrad\/\" target=\"_blank\" rel=\"noreferrer noopener\">mittlerem Mahlgrad\u00a0<\/a>haben wir den Top Massai zun\u00e4chst mit unserer\u00a0<a href=\"https:\/\/www.aromatico.de\/zubehoer\/baratza\/\" target=\"_blank\" rel=\"noreferrer noopener\">Baratza\u00a0<\/a>Kaffeem\u00fchle gemahlen. Schlie\u00dflich wurde das Kaffeemehl dann ganz klassisch mit einem Handfilter, in unserem Fall ein Hario V60, und hei\u00dfem Wasser aufgegossen.<\/p>\n<p>[\/vc_column_text][\/vc_column][\/vc_row][vc_row][vc_column][vc_custom_heading text=&#8220;UNSERE EMPFEHLUNGEN: SO GELINGT DER TOP MASSAI AUS UNSEREM TEST&#8220; use_theme_fonts=&#8220;yes&#8220;][\/vc_column][\/vc_row][vc_row][vc_column][vc_column_text]<\/p>\n<ul id=\"block-79838c07-4c29-4842-988f-6843d7e6aa0a\">\n<li>Verwendung eines\u00a0<a href=\"https:\/\/www.aromatico.de\/kaffeeberatung\/zubereitung\/handfilter\/\" target=\"_blank\" rel=\"noreferrer noopener\">Handfilters<\/a>, bspw.\u00a0<a href=\"\/Hario\/V60-Glas-Coffee-Dripper-Groesse-02\/101277\/\" target=\"_blank\" rel=\"noreferrer noopener\">Hario V60<\/a><\/li>\n<li><a href=\"https:\/\/www.aromatico.de\/kaffeeberatung\/wissen\/mahlgrad\/\" target=\"_blank\" rel=\"noreferrer noopener\">Mittlerer Mahlgrad\u00a0<\/a>(6 auf einer Skala von 1-10)<\/li>\n<li>Etwa 7 Gram Kaffeemehl f\u00fcr 100 Milliliter Wasser verwenden<\/li>\n<li>Eine Wassertemperatur zwischen 92 und 94 Grad Celsius<\/li>\n<\/ul>\n<p>[\/vc_column_text][\/vc_column][\/vc_row][vc_row][vc_column][vc_single_image image=&#8220;5589&#8243; img_size=&#8220;large&#8220;][\/vc_column][\/vc_row][vc_row][vc_column][vc_custom_heading text=&#8220;SUPREMO: PARTNERSCHAFTEN, DIE SICH AUSZAHLEN&#8220; use_theme_fonts=&#8220;yes&#8220;][\/vc_column][\/vc_row][vc_row][vc_column][vc_column_text]<\/p>\n<p>Die R\u00f6sterei\u00a0<a href=\"https:\/\/www.aromatico.de\/roesterei\/supremo\/\" target=\"_blank\" rel=\"noreferrer noopener\">Supremo<\/a>\u00a0ist vor allem daf\u00fcr bekannt, dass sie nicht nur h\u00f6chste Qualit\u00e4tsstandards f\u00fcr die Verarbeitung in der R\u00f6sterei selbst festlegt, sondern auch f\u00fcr die\u00a0<a href=\"https:\/\/www.aromatico.de\/kaffeeberatung\/wissen\/vom-kaffeeanbau-bis-in-die-kaffeetasse\/\" target=\"_blank\" rel=\"noreferrer noopener\">Wertsch\u00f6pfungskette<\/a>\u00a0davor. Die Mitglieder des Unternehmens reisen viele Tage im Jahr durch die Welt, um die\u00a0<a href=\"https:\/\/www.aromatico.de\/kaffeeberatung\/wissen\/kaffeeguertel\/\" target=\"_blank\" rel=\"noreferrer noopener\">Bezugsorte<\/a>\u00a0ihrer Kaffees selber zu erkunden. Dabei schlie\u00dft die R\u00f6sterei stets ihre Partnerschaften mit den\u00a0<a href=\"https:\/\/www.aromatico.de\/kaffeeberatung\/wissen\/vom-kaffeeanbau-bis-in-die-kaffeetasse\/\" target=\"_blank\" rel=\"noreferrer noopener\">Kaffeebauern<\/a>\u00a0selbst. So pflegt sie auch einen engen Kontakt zu deren Familien. Durch den Direktimport sorgt Supremo daf\u00fcr, dass nicht nur die R\u00f6sterei selbst, sondern auch die\u00a0<a href=\"https:\/\/www.aromatico.de\/kaffeeberatung\/wissen\/vom-kaffeeanbau-bis-in-die-kaffeetasse\/\" target=\"_blank\" rel=\"noreferrer noopener\">Bauern<\/a>\u00a0gerecht f\u00fcr ihre Arbeit belohnt werden. Diese Zusammenarbeit erm\u00f6glicht es den\u00a0<a href=\"https:\/\/www.aromatico.de\/kaffeeberatung\/wissen\/vom-kaffeeanbau-bis-in-die-kaffeetasse\/\" target=\"_blank\" rel=\"noreferrer noopener\">Farmen<\/a>, genauso wie\u00a0<a href=\"https:\/\/www.aromatico.de\/roesterei\/supremo\/\" target=\"_blank\" rel=\"noreferrer noopener\">Supremo<\/a>, auf h\u00f6chstem Niveau zu arbeiten. Das Ergebnis sind Kaffeekreationen wie der Top Massai aus unserem Test, die in der Welt des Spezialit\u00e4tenkaffees bereits gut bekannt sind und sich absolut sehen lassen k\u00f6nnen.<\/p>\n<p>[\/vc_column_text][\/vc_column][\/vc_row][vc_row][vc_column]<style type=\"text\/css\" data-type=\"the7_shortcodes-inline-css\">.gallery-shortcode.gallery-masonry-shortcode-id-3a52b66290bde0068ec9721f066b03d1 figure,\n.gallery-shortcode.gallery-masonry-shortcode-id-3a52b66290bde0068ec9721f066b03d1 .rollover,\n.gallery-shortcode.gallery-masonry-shortcode-id-3a52b66290bde0068ec9721f066b03d1 img,\n.gallery-shortcode.gallery-masonry-shortcode-id-3a52b66290bde0068ec9721f066b03d1 .gallery-rollover {\n  border-radius: 0px;\n}\n.gallery-shortcode.gallery-masonry-shortcode-id-3a52b66290bde0068ec9721f066b03d1.enable-bg-rollover .gallery-rollover {\n  background: -webkit-linear-gradient();\n  background: linear-gradient();\n}\n.gallery-shortcode.gallery-masonry-shortcode-id-3a52b66290bde0068ec9721f066b03d1.enable-bg-rollover.hover-scale figure .rollover:after {\n  background: -webkit-linear-gradient();\n  background: linear-gradient();\n}\n.gallery-shortcode.gallery-masonry-shortcode-id-3a52b66290bde0068ec9721f066b03d1 .gallery-zoom-ico {\n  width: 44px;\n  height: 44px;\n  line-height: 44px;\n  border-radius: 100px;\n  margin: -22px 0 0 -22px;\n  border-width: 0px;\n  color: #ffffff;\n}\n.dt-icon-bg-on.gallery-shortcode.gallery-masonry-shortcode-id-3a52b66290bde0068ec9721f066b03d1 .gallery-zoom-ico {\n  background: rgba(255,255,255,0.3);\n  box-shadow: none;\n}\n.gallery-shortcode.gallery-masonry-shortcode-id-3a52b66290bde0068ec9721f066b03d1 .gallery-zoom-ico:before,\n.gallery-shortcode.gallery-masonry-shortcode-id-3a52b66290bde0068ec9721f066b03d1 .gallery-zoom-ico span {\n  font-size: 32px;\n  line-height: 44px;\n  color: #ffffff;\n}\n.gallery-shortcode.gallery-masonry-shortcode-id-3a52b66290bde0068ec9721f066b03d1:not(.resize-by-browser-width) .dt-css-grid {\n  grid-row-gap: 10px;\n  grid-column-gap: 10px;\n  grid-template-columns: repeat(auto-fill,minmax(,1fr));\n}\n.gallery-shortcode.gallery-masonry-shortcode-id-3a52b66290bde0068ec9721f066b03d1:not(.resize-by-browser-width) .dt-css-grid .double-width {\n  grid-column: span 2;\n}\n.cssgridlegacy.no-cssgrid .gallery-shortcode.gallery-masonry-shortcode-id-3a52b66290bde0068ec9721f066b03d1:not(.resize-by-browser-width) .dt-css-grid,\n.no-cssgridlegacy.no-cssgrid .gallery-shortcode.gallery-masonry-shortcode-id-3a52b66290bde0068ec9721f066b03d1:not(.resize-by-browser-width) .dt-css-grid {\n  display: flex;\n  flex-flow: row wrap;\n  margin: -5px;\n}\n.cssgridlegacy.no-cssgrid .gallery-shortcode.gallery-masonry-shortcode-id-3a52b66290bde0068ec9721f066b03d1:not(.resize-by-browser-width) .dt-css-grid .wf-cell,\n.no-cssgridlegacy.no-cssgrid .gallery-shortcode.gallery-masonry-shortcode-id-3a52b66290bde0068ec9721f066b03d1:not(.resize-by-browser-width) .dt-css-grid .wf-cell {\n  flex: 1 0 ;\n  max-width: 100%;\n  padding: 5px;\n  box-sizing: border-box;\n}\n.gallery-shortcode.gallery-masonry-shortcode-id-3a52b66290bde0068ec9721f066b03d1.resize-by-browser-width .dt-css-grid {\n  grid-template-columns: repeat(3,1fr);\n  grid-template-rows: auto;\n  grid-column-gap: 10px;\n  grid-row-gap: 10px;\n}\n.gallery-shortcode.gallery-masonry-shortcode-id-3a52b66290bde0068ec9721f066b03d1.resize-by-browser-width .dt-css-grid .double-width {\n  grid-column: span 2;\n}\n.cssgridlegacy.no-cssgrid .gallery-shortcode.gallery-masonry-shortcode-id-3a52b66290bde0068ec9721f066b03d1.resize-by-browser-width .dt-css-grid {\n  margin: -5px;\n}\n.cssgridlegacy.no-cssgrid .gallery-shortcode.gallery-masonry-shortcode-id-3a52b66290bde0068ec9721f066b03d1.resize-by-browser-width .dt-css-grid .wf-cell {\n  width: 33.333333333333%;\n  padding: 5px;\n}\n.cssgridlegacy.no-cssgrid .gallery-shortcode.gallery-masonry-shortcode-id-3a52b66290bde0068ec9721f066b03d1.resize-by-browser-width .dt-css-grid .wf-cell.double-width {\n  width: calc(33.333333333333%) * 2;\n}\n.gallery-shortcode.gallery-masonry-shortcode-id-3a52b66290bde0068ec9721f066b03d1.resize-by-browser-width:not(.centered-layout-list):not(.content-bg-on) .dt-css-grid {\n  grid-row-gap: 10px - ;\n}\n@media screen and (max-width: 1199px) {\n  .gallery-shortcode.gallery-masonry-shortcode-id-3a52b66290bde0068ec9721f066b03d1.resize-by-browser-width .dt-css-grid {\n    grid-template-columns: repeat(3,1fr);\n  }\n  .cssgridlegacy.no-cssgrid .gallery-shortcode.gallery-masonry-shortcode-id-3a52b66290bde0068ec9721f066b03d1.resize-by-browser-width .dt-css-grid .wf-cell,\n  .no-cssgridlegacy.no-cssgrid .gallery-shortcode.gallery-masonry-shortcode-id-3a52b66290bde0068ec9721f066b03d1.resize-by-browser-width .dt-css-grid .wf-cell {\n    width: 33.333333333333%;\n  }\n  .cssgridlegacy.no-cssgrid .gallery-shortcode.gallery-masonry-shortcode-id-3a52b66290bde0068ec9721f066b03d1.resize-by-browser-width .dt-css-grid .wf-cell.double-width,\n  .no-cssgridlegacy.no-cssgrid .gallery-shortcode.gallery-masonry-shortcode-id-3a52b66290bde0068ec9721f066b03d1.resize-by-browser-width .dt-css-grid .wf-cell.double-width {\n    width: calc(33.333333333333%)*2;\n  }\n}\n@media screen and (max-width: 991px) {\n  .gallery-shortcode.gallery-masonry-shortcode-id-3a52b66290bde0068ec9721f066b03d1.resize-by-browser-width .dt-css-grid {\n    grid-template-columns: repeat(3,1fr);\n  }\n  .cssgridlegacy.no-cssgrid .gallery-shortcode.gallery-masonry-shortcode-id-3a52b66290bde0068ec9721f066b03d1.resize-by-browser-width .dt-css-grid .wf-cell,\n  .no-cssgridlegacy.no-cssgrid .gallery-shortcode.gallery-masonry-shortcode-id-3a52b66290bde0068ec9721f066b03d1.resize-by-browser-width .dt-css-grid .wf-cell {\n    width: 33.333333333333%;\n  }\n  .cssgridlegacy.no-cssgrid .gallery-shortcode.gallery-masonry-shortcode-id-3a52b66290bde0068ec9721f066b03d1.resize-by-browser-width .dt-css-grid .wf-cell.double-width,\n  .no-cssgridlegacy.no-cssgrid .gallery-shortcode.gallery-masonry-shortcode-id-3a52b66290bde0068ec9721f066b03d1.resize-by-browser-width .dt-css-grid .wf-cell.double-width {\n    width: calc(33.333333333333%)*2;\n  }\n}\n@media screen and (max-width: 767px) {\n  .gallery-shortcode.gallery-masonry-shortcode-id-3a52b66290bde0068ec9721f066b03d1.resize-by-browser-width .dt-css-grid {\n    grid-template-columns: repeat(2,1fr);\n  }\n  .cssgridlegacy.no-cssgrid .gallery-shortcode.gallery-masonry-shortcode-id-3a52b66290bde0068ec9721f066b03d1.resize-by-browser-width .dt-css-grid .wf-cell,\n  .no-cssgridlegacy.no-cssgrid .gallery-shortcode.gallery-masonry-shortcode-id-3a52b66290bde0068ec9721f066b03d1.resize-by-browser-width .dt-css-grid .wf-cell {\n    width: 50%;\n  }\n  .cssgridlegacy.no-cssgrid .gallery-shortcode.gallery-masonry-shortcode-id-3a52b66290bde0068ec9721f066b03d1.resize-by-browser-width .dt-css-grid .wf-cell.double-width,\n  .no-cssgridlegacy.no-cssgrid .gallery-shortcode.gallery-masonry-shortcode-id-3a52b66290bde0068ec9721f066b03d1.resize-by-browser-width .dt-css-grid .wf-cell.double-width {\n    width: calc(50%)*2;\n  }\n}\n<\/style><div class=\"gallery-shortcode dt-gallery-container gallery-masonry-shortcode-id-3a52b66290bde0068ec9721f066b03d1 mode-grid jquery-filter dt-icon-bg-off quick-scale-img dt-css-grid-wrap enable-bg-rollover resize-by-browser-width  hover-fade loading-effect-none description-on-hover\" data-padding=\"5px\" data-cur-page=\"1\" data-post-limit=\"-1\" data-pagination-mode=\"none\" data-desktop-columns-num=\"3\" data-v-tablet-columns-num=\"3\" data-h-tablet-columns-num=\"3\" data-phone-columns-num=\"2\" data-width=\"0px\" data-columns=\"0\"><div class=\"dt-css-grid\" ><div class=\"wf-cell\" data-post-id=\"3602\" data-date=\"2019-09-26T11:55:41+02:00\" data-name=\"Kaffeekirschen\"><figure class=\"post visible\"><a href=\"https:\/\/www.aromatico.de\/coffeeworld\/wp-content\/uploads\/2019\/09\/IMG_7216.jpg\" class=\"rollover dt-pswp-item layzr-bg\" data-large_image_width=\"3024\" data-large_image_height=\"4032\" data-dt-img-description=\"\" title=\"Kaffeekirschen\"><img fetchpriority=\"high\" decoding=\"async\" class=\"preload-me iso-lazy-load aspect\" src=\"data:image\/svg+xml,%3Csvg%20xmlns%3D&#39;http%3A%2F%2Fwww.w3.org%2F2000%2Fsvg&#39;%20viewBox%3D&#39;0%200%20379%20379&#39;%2F%3E\" data-src=\"https:\/\/www.aromatico.de\/coffeeworld\/wp-content\/uploads\/2019\/09\/IMG_7216-379x379.jpg\" data-srcset=\"https:\/\/www.aromatico.de\/coffeeworld\/wp-content\/uploads\/2019\/09\/IMG_7216-379x379.jpg 379w, https:\/\/www.aromatico.de\/coffeeworld\/wp-content\/uploads\/2019\/09\/IMG_7216-569x569.jpg 569w\" loading=\"eager\" style=\"--ratio: 379 \/ 379\" sizes=\"(max-width: 379px) 100vw, 379px\" alt=\"Kaffeekirschen in der Hand eines Kaffeebauern\" width=\"379\" height=\"379\"  \/><span class=\"gallery-rollover\"><span class=\"gallery-zoom-ico icomoon-the7-font-the7-zoom-06\"><span><\/span><\/span><\/span><\/a><\/figure><\/div><div class=\"wf-cell\" data-post-id=\"3599\" data-date=\"2019-09-26T11:55:18+02:00\" data-name=\"Kolumbien: Kaffeewald im Kaffeedreieck\"><figure class=\"post visible\"><a href=\"https:\/\/www.aromatico.de\/coffeeworld\/wp-content\/uploads\/2019\/09\/Colombia-1-klein.jpg\" class=\"rollover dt-pswp-item layzr-bg\" data-large_image_width=\"1027\" data-large_image_height=\"682\" data-dt-img-description=\"Kolumbien: Kaffeewald im Kaffeedreieck\" title=\"Kolumbien: Kaffeewald im Kaffeedreieck\"><img decoding=\"async\" class=\"preload-me iso-lazy-load aspect\" src=\"data:image\/svg+xml,%3Csvg%20xmlns%3D&#39;http%3A%2F%2Fwww.w3.org%2F2000%2Fsvg&#39;%20viewBox%3D&#39;0%200%20379%20379&#39;%2F%3E\" data-src=\"https:\/\/www.aromatico.de\/coffeeworld\/wp-content\/uploads\/2019\/09\/Colombia-1-klein-379x379.jpg\" data-srcset=\"https:\/\/www.aromatico.de\/coffeeworld\/wp-content\/uploads\/2019\/09\/Colombia-1-klein-379x379.jpg 379w, https:\/\/www.aromatico.de\/coffeeworld\/wp-content\/uploads\/2019\/09\/Colombia-1-klein-569x569.jpg 569w\" loading=\"eager\" style=\"--ratio: 379 \/ 379\" sizes=\"(max-width: 379px) 100vw, 379px\" alt=\"Kolumbien: Kaffeewald im Kaffeedreieck\" width=\"379\" height=\"379\"  \/><span class=\"gallery-rollover\"><span class=\"gallery-zoom-ico icomoon-the7-font-the7-zoom-06\"><span><\/span><\/span><\/span><\/a><\/figure><\/div><div class=\"wf-cell\" data-post-id=\"3600\" data-date=\"2019-09-26T11:55:23+02:00\" data-name=\"Kaffeekirschen\"><figure class=\"post visible\"><a href=\"https:\/\/www.aromatico.de\/coffeeworld\/wp-content\/uploads\/2019\/09\/Colombia-cafe.jpg\" class=\"rollover dt-pswp-item layzr-bg\" data-large_image_width=\"448\" data-large_image_height=\"679\" data-dt-img-description=\"Kaffeekirschen \" title=\"Kaffeekirschen\"><img decoding=\"async\" class=\"preload-me iso-lazy-load aspect\" src=\"data:image\/svg+xml,%3Csvg%20xmlns%3D&#39;http%3A%2F%2Fwww.w3.org%2F2000%2Fsvg&#39;%20viewBox%3D&#39;0%200%20379%20379&#39;%2F%3E\" data-src=\"https:\/\/www.aromatico.de\/coffeeworld\/wp-content\/uploads\/2019\/09\/Colombia-cafe-379x379.jpg\" data-srcset=\"https:\/\/www.aromatico.de\/coffeeworld\/wp-content\/uploads\/2019\/09\/Colombia-cafe-379x379.jpg 379w, https:\/\/www.aromatico.de\/coffeeworld\/wp-content\/uploads\/2019\/09\/Colombia-cafe-448x448.jpg 448w\" loading=\"eager\" style=\"--ratio: 379 \/ 379\" sizes=\"(max-width: 379px) 100vw, 379px\" alt=\"Kaffeekirschen\" width=\"379\" height=\"379\"  \/><span class=\"gallery-rollover\"><span class=\"gallery-zoom-ico icomoon-the7-font-the7-zoom-06\"><span><\/span><\/span><\/span><\/a><\/figure><\/div><\/div><!-- iso-container|iso-grid --><\/div>[\/vc_column][\/vc_row][vc_row][vc_column][vc_custom_heading text=&#8220;UNSER FAZIT ZUM TOP MASSAI TEST&#8220; use_theme_fonts=&#8220;yes&#8220;][\/vc_column][\/vc_row][vc_row][vc_column][vc_column_text]F\u00fcr Kaffeetrinker, die einen klassischen\u00a0<a href=\"https:\/\/www.aromatico.de\/filterkaffee\/\" target=\"_blank\" rel=\"noreferrer noopener\">Filterkaffee<\/a>\u00a0mit hochwertiger Qualit\u00e4t genie\u00dfen m\u00f6chten, ist der Supremo Top Massai gut geeignet. Besonders die Liebhaber von etwas\u00a0kr\u00e4ftigeren, s\u00e4urehaltigen Kaffees werden den Top Massai zu sch\u00e4tzen wissen.[\/vc_column_text][\/vc_column][\/vc_row]<\/p>\n<\/div>","protected":false},"excerpt":{"rendered":"<p>[vc_row][vc_column][vc_column_text] Herz und Leidenschaft: Das ist es, was\u00a0Supremo\u00a0bei der Auswahl und Herstellung hochqualitativer Kaffees antreibt. Mit viel Erfolg ist die R\u00f6sterei aus dem kleinen Unterhaching bei M\u00fcnchen schon seit 2005 \u00fcberall auf der Welt unterwegs, um ideale Partner f\u00fcr die Kaffeeherstellung zu finden. So gibt es wohl nur wenige andere R\u00f6stereien, die so engen Kontakt&hellip;<\/p>\n","protected":false},"author":15,"featured_media":5451,"comment_status":"open","ping_status":"closed","sticky":false,"template":"","format":"standard","meta":{"wprm-recipe-roundup-name":"","wprm-recipe-roundup-description":"","footnotes":""},"categories":[136],"tags":[137,352,351],"yoast_head":"<!-- This site is optimized with the Yoast SEO Premium plugin v21.6 (Yoast SEO v21.6) - https:\/\/yoast.com\/wordpress\/plugins\/seo\/ -->\n<title>Im Aromatico Test: Supremo Top Massai - Aromatico<\/title>\n<meta name=\"description\" content=\"Der Top Massai von Supremo im Aromatico-Test: Ein Spitzenkaffee unter der kritischen Lupe unserer Coffee World Magazin - Autoren.\" \/>\n<meta name=\"robots\" content=\"index, follow, max-snippet:-1, max-image-preview:large, max-video-preview:-1\" \/>\n<link rel=\"canonical\" href=\"https:\/\/www.aromatico.de\/coffeeworld\/produkttests\/im-aromatico-test-der-supremo-top-massai\/\" \/>\n<meta property=\"og:locale\" content=\"de_DE\" \/>\n<meta property=\"og:type\" content=\"article\" \/>\n<meta property=\"og:title\" content=\"Im Aromatico Test: Der Supremo Top Massai\" \/>\n<meta property=\"og:description\" content=\"Der Top Massai von Supremo im Aromatico-Test: Ein Spitzenkaffee unter der kritischen Lupe unserer Coffee World Magazin - Autoren.\" \/>\n<meta property=\"og:url\" content=\"https:\/\/www.aromatico.de\/coffeeworld\/produkttests\/im-aromatico-test-der-supremo-top-massai\/\" \/>\n<meta property=\"og:site_name\" content=\"Aromatico Coffee World Magazin\" \/>\n<meta property=\"article:publisher\" content=\"https:\/\/www.facebook.com\/aromatico.de\/\" \/>\n<meta property=\"article:published_time\" content=\"2020-10-28T14:35:24+00:00\" \/>\n<meta property=\"article:modified_time\" content=\"2022-11-25T10:46:43+00:00\" \/>\n<meta property=\"og:image\" content=\"https:\/\/www.aromatico.de\/coffeeworld\/wp-content\/uploads\/2020\/10\/Titelbild.jpg\" \/>\n\t<meta property=\"og:image:width\" content=\"1200\" \/>\n\t<meta property=\"og:image:height\" content=\"800\" \/>\n\t<meta property=\"og:image:type\" content=\"image\/jpeg\" \/>\n<meta name=\"author\" content=\"Timm\" \/>\n<meta name=\"twitter:card\" content=\"summary_large_image\" \/>\n<meta name=\"twitter:label1\" content=\"Verfasst von\" \/>\n\t<meta name=\"twitter:data1\" content=\"Timm\" \/>\n\t<meta name=\"twitter:label2\" content=\"Gesch\u00e4tzte Lesezeit\" \/>\n\t<meta name=\"twitter:data2\" content=\"4 Minuten\" \/>\n<script type=\"application\/ld+json\" class=\"yoast-schema-graph\">{\"@context\":\"https:\/\/schema.org\",\"@graph\":[{\"@type\":\"Article\",\"@id\":\"https:\/\/www.aromatico.de\/coffeeworld\/produkttests\/im-aromatico-test-der-supremo-top-massai\/#article\",\"isPartOf\":{\"@id\":\"https:\/\/www.aromatico.de\/coffeeworld\/produkttests\/im-aromatico-test-der-supremo-top-massai\/\"},\"author\":{\"name\":\"Timm\",\"@id\":\"https:\/\/www.aromatico.de\/coffeeworld\/#\/schema\/person\/60d41eb74082105aa7bdedac2ea1c58d\"},\"headline\":\"Im Aromatico Test: Der Supremo Top Massai\",\"datePublished\":\"2020-10-28T14:35:24+00:00\",\"dateModified\":\"2022-11-25T10:46:43+00:00\",\"mainEntityOfPage\":{\"@id\":\"https:\/\/www.aromatico.de\/coffeeworld\/produkttests\/im-aromatico-test-der-supremo-top-massai\/\"},\"wordCount\":1012,\"commentCount\":0,\"publisher\":{\"@id\":\"https:\/\/www.aromatico.de\/coffeeworld\/#organization\"},\"keywords\":[\"Handfilter; Filterkaffee\",\"Supremo\",\"Top Massai\"],\"articleSection\":[\"Produkttests\"],\"inLanguage\":\"de-DE\",\"potentialAction\":[{\"@type\":\"CommentAction\",\"name\":\"Comment\",\"target\":[\"https:\/\/www.aromatico.de\/coffeeworld\/produkttests\/im-aromatico-test-der-supremo-top-massai\/#respond\"]}]},{\"@type\":\"WebPage\",\"@id\":\"https:\/\/www.aromatico.de\/coffeeworld\/produkttests\/im-aromatico-test-der-supremo-top-massai\/\",\"url\":\"https:\/\/www.aromatico.de\/coffeeworld\/produkttests\/im-aromatico-test-der-supremo-top-massai\/\",\"name\":\"Im Aromatico Test: Supremo Top Massai - Aromatico\",\"isPartOf\":{\"@id\":\"https:\/\/www.aromatico.de\/coffeeworld\/#website\"},\"datePublished\":\"2020-10-28T14:35:24+00:00\",\"dateModified\":\"2022-11-25T10:46:43+00:00\",\"description\":\"Der Top Massai von Supremo im Aromatico-Test: Ein Spitzenkaffee unter der kritischen Lupe unserer Coffee World Magazin - Autoren.\",\"breadcrumb\":{\"@id\":\"https:\/\/www.aromatico.de\/coffeeworld\/produkttests\/im-aromatico-test-der-supremo-top-massai\/#breadcrumb\"},\"inLanguage\":\"de-DE\",\"potentialAction\":[{\"@type\":\"ReadAction\",\"target\":[\"https:\/\/www.aromatico.de\/coffeeworld\/produkttests\/im-aromatico-test-der-supremo-top-massai\/\"]}]},{\"@type\":\"BreadcrumbList\",\"@id\":\"https:\/\/www.aromatico.de\/coffeeworld\/produkttests\/im-aromatico-test-der-supremo-top-massai\/#breadcrumb\",\"itemListElement\":[{\"@type\":\"ListItem\",\"position\":1,\"name\":\"Home\",\"item\":\"https:\/\/www.aromatico.de\/coffeeworld\/\"},{\"@type\":\"ListItem\",\"position\":2,\"name\":\"Im Aromatico Test: Der Supremo Top Massai\"}]},{\"@type\":\"WebSite\",\"@id\":\"https:\/\/www.aromatico.de\/coffeeworld\/#website\",\"url\":\"https:\/\/www.aromatico.de\/coffeeworld\/\",\"name\":\"Aromatico Coffee World Magazin\",\"description\":\"\",\"publisher\":{\"@id\":\"https:\/\/www.aromatico.de\/coffeeworld\/#organization\"},\"potentialAction\":[{\"@type\":\"SearchAction\",\"target\":{\"@type\":\"EntryPoint\",\"urlTemplate\":\"https:\/\/www.aromatico.de\/coffeeworld\/?s={search_term_string}\"},\"query-input\":\"required name=search_term_string\"}],\"inLanguage\":\"de-DE\"},{\"@type\":\"Organization\",\"@id\":\"https:\/\/www.aromatico.de\/coffeeworld\/#organization\",\"name\":\"Aromatico Heinrich Schwarz GmbH & Co. KG\",\"url\":\"https:\/\/www.aromatico.de\/coffeeworld\/\",\"logo\":{\"@type\":\"ImageObject\",\"inLanguage\":\"de-DE\",\"@id\":\"https:\/\/www.aromatico.de\/coffeeworld\/#\/schema\/logo\/image\/\",\"url\":\"https:\/\/www.aromatico.de\/coffeeworld\/wp-content\/uploads\/2017\/07\/Aromatico-Coffee-World-Icon-512x512-Edges.png\",\"contentUrl\":\"https:\/\/www.aromatico.de\/coffeeworld\/wp-content\/uploads\/2017\/07\/Aromatico-Coffee-World-Icon-512x512-Edges.png\",\"width\":512,\"height\":512,\"caption\":\"Aromatico Heinrich Schwarz GmbH & Co. KG\"},\"image\":{\"@id\":\"https:\/\/www.aromatico.de\/coffeeworld\/#\/schema\/logo\/image\/\"},\"sameAs\":[\"https:\/\/www.facebook.com\/aromatico.de\/\"]},{\"@type\":\"Person\",\"@id\":\"https:\/\/www.aromatico.de\/coffeeworld\/#\/schema\/person\/60d41eb74082105aa7bdedac2ea1c58d\",\"name\":\"Timm\",\"image\":{\"@type\":\"ImageObject\",\"inLanguage\":\"de-DE\",\"@id\":\"https:\/\/www.aromatico.de\/coffeeworld\/#\/schema\/person\/image\/\",\"url\":\"https:\/\/secure.gravatar.com\/avatar\/8e4f6f3274c89d6c9a33a418e1c81928?s=96&d=mm&r=g\",\"contentUrl\":\"https:\/\/secure.gravatar.com\/avatar\/8e4f6f3274c89d6c9a33a418e1c81928?s=96&d=mm&r=g\",\"caption\":\"Timm\"},\"description\":\"Ich bin Timm und habe Internationales Management und Marketing studiert. Bei Aromatico arbeite ich als Junior Brand Manager. Kaffee liegt in meiner DNA. Ich bin in eine Bremer Kaffeefamilie hineingeboren und habe meine Wurzeln in Kolumbien. Kaffee ist meine gro\u00dfe Leidenschaft.\",\"url\":\"https:\/\/www.aromatico.de\/coffeeworld\/author\/timm\/\"}]}<\/script>\n<!-- \/ Yoast SEO Premium plugin. -->","yoast_head_json":{"title":"Im Aromatico Test: Supremo Top Massai - Aromatico","description":"Der Top Massai von Supremo im Aromatico-Test: Ein Spitzenkaffee unter der kritischen Lupe unserer Coffee World Magazin - Autoren.","robots":{"index":"index","follow":"follow","max-snippet":"max-snippet:-1","max-image-preview":"max-image-preview:large","max-video-preview":"max-video-preview:-1"},"canonical":"https:\/\/www.aromatico.de\/coffeeworld\/produkttests\/im-aromatico-test-der-supremo-top-massai\/","og_locale":"de_DE","og_type":"article","og_title":"Im Aromatico Test: Der Supremo Top Massai","og_description":"Der Top Massai von Supremo im Aromatico-Test: Ein Spitzenkaffee unter der kritischen Lupe unserer Coffee World Magazin - Autoren.","og_url":"https:\/\/www.aromatico.de\/coffeeworld\/produkttests\/im-aromatico-test-der-supremo-top-massai\/","og_site_name":"Aromatico Coffee World Magazin","article_publisher":"https:\/\/www.facebook.com\/aromatico.de\/","article_published_time":"2020-10-28T14:35:24+00:00","article_modified_time":"2022-11-25T10:46:43+00:00","og_image":[{"width":1200,"height":800,"url":"https:\/\/www.aromatico.de\/coffeeworld\/wp-content\/uploads\/2020\/10\/Titelbild.jpg","type":"image\/jpeg"}],"author":"Timm","twitter_card":"summary_large_image","twitter_misc":{"Verfasst von":"Timm","Gesch\u00e4tzte Lesezeit":"4 Minuten"},"schema":{"@context":"https:\/\/schema.org","@graph":[{"@type":"Article","@id":"https:\/\/www.aromatico.de\/coffeeworld\/produkttests\/im-aromatico-test-der-supremo-top-massai\/#article","isPartOf":{"@id":"https:\/\/www.aromatico.de\/coffeeworld\/produkttests\/im-aromatico-test-der-supremo-top-massai\/"},"author":{"name":"Timm","@id":"https:\/\/www.aromatico.de\/coffeeworld\/#\/schema\/person\/60d41eb74082105aa7bdedac2ea1c58d"},"headline":"Im Aromatico Test: Der Supremo Top Massai","datePublished":"2020-10-28T14:35:24+00:00","dateModified":"2022-11-25T10:46:43+00:00","mainEntityOfPage":{"@id":"https:\/\/www.aromatico.de\/coffeeworld\/produkttests\/im-aromatico-test-der-supremo-top-massai\/"},"wordCount":1012,"commentCount":0,"publisher":{"@id":"https:\/\/www.aromatico.de\/coffeeworld\/#organization"},"keywords":["Handfilter; Filterkaffee","Supremo","Top Massai"],"articleSection":["Produkttests"],"inLanguage":"de-DE","potentialAction":[{"@type":"CommentAction","name":"Comment","target":["https:\/\/www.aromatico.de\/coffeeworld\/produkttests\/im-aromatico-test-der-supremo-top-massai\/#respond"]}]},{"@type":"WebPage","@id":"https:\/\/www.aromatico.de\/coffeeworld\/produkttests\/im-aromatico-test-der-supremo-top-massai\/","url":"https:\/\/www.aromatico.de\/coffeeworld\/produkttests\/im-aromatico-test-der-supremo-top-massai\/","name":"Im Aromatico Test: Supremo Top Massai - Aromatico","isPartOf":{"@id":"https:\/\/www.aromatico.de\/coffeeworld\/#website"},"datePublished":"2020-10-28T14:35:24+00:00","dateModified":"2022-11-25T10:46:43+00:00","description":"Der Top Massai von Supremo im Aromatico-Test: Ein Spitzenkaffee unter der kritischen Lupe unserer Coffee World Magazin - Autoren.","breadcrumb":{"@id":"https:\/\/www.aromatico.de\/coffeeworld\/produkttests\/im-aromatico-test-der-supremo-top-massai\/#breadcrumb"},"inLanguage":"de-DE","potentialAction":[{"@type":"ReadAction","target":["https:\/\/www.aromatico.de\/coffeeworld\/produkttests\/im-aromatico-test-der-supremo-top-massai\/"]}]},{"@type":"BreadcrumbList","@id":"https:\/\/www.aromatico.de\/coffeeworld\/produkttests\/im-aromatico-test-der-supremo-top-massai\/#breadcrumb","itemListElement":[{"@type":"ListItem","position":1,"name":"Home","item":"https:\/\/www.aromatico.de\/coffeeworld\/"},{"@type":"ListItem","position":2,"name":"Im Aromatico Test: Der Supremo Top Massai"}]},{"@type":"WebSite","@id":"https:\/\/www.aromatico.de\/coffeeworld\/#website","url":"https:\/\/www.aromatico.de\/coffeeworld\/","name":"Aromatico Coffee World Magazin","description":"","publisher":{"@id":"https:\/\/www.aromatico.de\/coffeeworld\/#organization"},"potentialAction":[{"@type":"SearchAction","target":{"@type":"EntryPoint","urlTemplate":"https:\/\/www.aromatico.de\/coffeeworld\/?s={search_term_string}"},"query-input":"required name=search_term_string"}],"inLanguage":"de-DE"},{"@type":"Organization","@id":"https:\/\/www.aromatico.de\/coffeeworld\/#organization","name":"Aromatico Heinrich Schwarz GmbH & Co. KG","url":"https:\/\/www.aromatico.de\/coffeeworld\/","logo":{"@type":"ImageObject","inLanguage":"de-DE","@id":"https:\/\/www.aromatico.de\/coffeeworld\/#\/schema\/logo\/image\/","url":"https:\/\/www.aromatico.de\/coffeeworld\/wp-content\/uploads\/2017\/07\/Aromatico-Coffee-World-Icon-512x512-Edges.png","contentUrl":"https:\/\/www.aromatico.de\/coffeeworld\/wp-content\/uploads\/2017\/07\/Aromatico-Coffee-World-Icon-512x512-Edges.png","width":512,"height":512,"caption":"Aromatico Heinrich Schwarz GmbH & Co. KG"},"image":{"@id":"https:\/\/www.aromatico.de\/coffeeworld\/#\/schema\/logo\/image\/"},"sameAs":["https:\/\/www.facebook.com\/aromatico.de\/"]},{"@type":"Person","@id":"https:\/\/www.aromatico.de\/coffeeworld\/#\/schema\/person\/60d41eb74082105aa7bdedac2ea1c58d","name":"Timm","image":{"@type":"ImageObject","inLanguage":"de-DE","@id":"https:\/\/www.aromatico.de\/coffeeworld\/#\/schema\/person\/image\/","url":"https:\/\/secure.gravatar.com\/avatar\/8e4f6f3274c89d6c9a33a418e1c81928?s=96&d=mm&r=g","contentUrl":"https:\/\/secure.gravatar.com\/avatar\/8e4f6f3274c89d6c9a33a418e1c81928?s=96&d=mm&r=g","caption":"Timm"},"description":"Ich bin Timm und habe Internationales Management und Marketing studiert. Bei Aromatico arbeite ich als Junior Brand Manager. Kaffee liegt in meiner DNA. Ich bin in eine Bremer Kaffeefamilie hineingeboren und habe meine Wurzeln in Kolumbien. Kaffee ist meine gro\u00dfe Leidenschaft.","url":"https:\/\/www.aromatico.de\/coffeeworld\/author\/timm\/"}]}},"_links":{"self":[{"href":"https:\/\/www.aromatico.de\/coffeeworld\/wp-json\/wp\/v2\/posts\/4685"}],"collection":[{"href":"https:\/\/www.aromatico.de\/coffeeworld\/wp-json\/wp\/v2\/posts"}],"about":[{"href":"https:\/\/www.aromatico.de\/coffeeworld\/wp-json\/wp\/v2\/types\/post"}],"author":[{"embeddable":true,"href":"https:\/\/www.aromatico.de\/coffeeworld\/wp-json\/wp\/v2\/users\/15"}],"replies":[{"embeddable":true,"href":"https:\/\/www.aromatico.de\/coffeeworld\/wp-json\/wp\/v2\/comments?post=4685"}],"version-history":[{"count":29,"href":"https:\/\/www.aromatico.de\/coffeeworld\/wp-json\/wp\/v2\/posts\/4685\/revisions"}],"predecessor-version":[{"id":12510,"href":"https:\/\/www.aromatico.de\/coffeeworld\/wp-json\/wp\/v2\/posts\/4685\/revisions\/12510"}],"wp:featuredmedia":[{"embeddable":true,"href":"https:\/\/www.aromatico.de\/coffeeworld\/wp-json\/wp\/v2\/media\/5451"}],"wp:attachment":[{"href":"https:\/\/www.aromatico.de\/coffeeworld\/wp-json\/wp\/v2\/media?parent=4685"}],"wp:term":[{"taxonomy":"category","embeddable":true,"href":"https:\/\/www.aromatico.de\/coffeeworld\/wp-json\/wp\/v2\/categories?post=4685"},{"taxonomy":"post_tag","embeddable":true,"href":"https:\/\/www.aromatico.de\/coffeeworld\/wp-json\/wp\/v2\/tags?post=4685"}],"curies":[{"name":"wp","href":"https:\/\/api.w.org\/{rel}","templated":true}]}}